{"id":10109,"date":"2021-11-11T12:53:48","date_gmt":"2021-11-11T10:53:48","guid":{"rendered":"https:\/\/www.1a-yachtcharter.de\/blog\/?p=10109"},"modified":"2023-12-28T14:09:53","modified_gmt":"2023-12-28T12:09:53","slug":"mit-marc-offenbacher-zu-den-inseln-bei-athen","status":"publish","type":"post","link":"https:\/\/www.1a-yachtcharter.de\/blog\/mit-marc-offenbacher-zu-den-inseln-bei-athen\/","title":{"rendered":"Mit Marc Offenbacher zu den Inseln bei Athen"},"content":{"rendered":"<p>Marc Offenbachers Leidenschaften sind das Fotografieren, Actionsport und Abenteuer erleben. Auf seinen Reisen verschl\u00e4gt es ihn daf\u00fcr vor allem an ungew\u00f6hnliche Orte wie auf den Mont Blanc oder mit einem Paragleiter nahe an einen ausbrechenden Vulkan in Guatemala. Doch auch ein Abenteurer muss mal etwas ausspannen. Und so begab er sich mit seiner Crew und 1a Yachtcharter auf einen T\u00f6rn nach <a href=\"\/charterziele\/griechenland\/c-93\" target=\"_blank\" rel=\"noopener\">Griechenland<\/a>. \u00dcber ihre Route und was er empfehlen kann, berichtet er im Folgenden:<\/p>\n<blockquote> Unsere Route f\u00fcr eine Woche vom 11.9.-18.9.21 war:<\/p>\n<p>Saronischer und Argolischer Golf: <a href=\"\/charterziele\/griechenland\/lavrion\/l-87\" target=\"_blank\" rel=\"noopener\">Lavrion<\/a> \u2013 Poros \u2013 Hydra \u2013 Spetses \u2013 Porto Heli \u2013 Dokos \u2013 Poros \u2013 Lavrion<\/blockquote>\n<p>Um mit sechs Freunden mal wieder zusammen Urlaub zu machen, entschlossen wir uns f\u00fcr einen einw\u00f6chigen Yachtt\u00f6rn in Griechenland. Wir kommen aus unterschiedlichen Teilen Deutschlands und haben daher als Treffpunkt Athen gew\u00e4hlt. Da einige schonmal in den Kykladen um Mykonos und Santorin segeln waren und alle eher entspanntere Bedingungen suchten, w\u00e4hlten wir f\u00fcr diesen T\u00f6rn die westliche Richtung, den <strong>Saronischen und Argolischen Golf,<\/strong> als Revier aus. Au\u00dferdem war ich der einzige Skipper in der Crew, einige kannten sich schon aus, da sie bereits mit ihren Eltern gesegelt sind oder beim letzten Mal dabei waren, aber einen Segelschein hatte keiner der anderen, daher war das Revier auch f\u00fcr mich entspannter. Wir haben vorher in der Gruppe grob auf GoogleMaps geplant, wo wir hin m\u00f6chten. Letztendlich haben wir dann beim Fr\u00fchst\u00fcck die Tagesziele beschlossen, je nachdem worauf wir Lust hatten.<\/p>\n<div id=\"attachment_10181\" style=\"width: 360px\" class=\"wp-caption alignleft\"><img decoding=\"async\" aria-describedby=\"caption-attachment-10181\" class=\"wp-image-10181\" src=\"https:\/\/www.1a-yachtcharter.de\/blog\/wp-content\/uploads\/2021\/11\/Crewbild-819x1024.jpg\" alt=\"\" width=\"350\" height=\"438\" srcset=\"https:\/\/www.1a-yachtcharter.de\/blog\/wp-content\/uploads\/2021\/11\/Crewbild-819x1024.jpg 819w, https:\/\/www.1a-yachtcharter.de\/blog\/wp-content\/uploads\/2021\/11\/Crewbild-240x300.jpg 240w, https:\/\/www.1a-yachtcharter.de\/blog\/wp-content\/uploads\/2021\/11\/Crewbild-768x960.jpg 768w, https:\/\/www.1a-yachtcharter.de\/blog\/wp-content\/uploads\/2021\/11\/Crewbild-320x400.jpg 320w, https:\/\/www.1a-yachtcharter.de\/blog\/wp-content\/uploads\/2021\/11\/Crewbild-280x350.jpg 280w, https:\/\/www.1a-yachtcharter.de\/blog\/wp-content\/uploads\/2021\/11\/Crewbild.jpg 960w\" sizes=\"(max-width: 350px) 100vw, 350px\" \/><p id=\"caption-attachment-10181\" class=\"wp-caption-text\">Die Crew auf der Oceanis 51.1. \u00a9Marc Offenbacher<\/p><\/div>\n<h4>Treffpunkt Athen<\/h4>\n<p>Wir haben uns donnerstags in <strong>Athen<\/strong> getroffen und sind in einem Airbnb mit Blick auf die Akropolis in den Urlaub gestartet. In der Hauptstadt haben wir uns nat\u00fcrlich in das Nachtleben gest\u00fcrzt. Wir haben im Restaurant Thea Terrace auf dem Dach des Central Hotels gegessen. Das Restaurant ist f\u00fcr alle zug\u00e4nglich, nicht nur f\u00fcr Hotelg\u00e4ste. Von dort hat man eine sehr sch\u00f6ne Aussicht auf die Stadt und die Akropolis, vor allem bei und nach Sonnenuntergang eine tolle Kulisse. Danach haben wir im Viertel Gazi einige Bars besucht, wie zum Beispiel das six d.o.g.s, das etwas verborgen in einem Hinterhof liegt. Am n\u00e4chsten Tag stand dann Kultur auf dem Programm mit dem Besuch der Akropolis und dem Lykabettus, dem Hausberg Athens.<\/p>\n<p>Am Samstag fuhren wir zum Check-In nach <strong>Lavrion<\/strong>. Mit dem Ablegen mussten wir uns aber noch gedulden, denn die Yacht war erst sp\u00e4ter zur \u00dcbergabe fertig und so verbrachten wir noch eine Nacht in der Marina. Die Marina selbst hat eine sehr gute Ausstattung. Es gibt in einem Geb\u00e4ude Duschen sowie einen Waschraum mit Waschmaschinen. Im Hauptgeb\u00e4ude befinden sich ein Restaurant und ein kleinerer Supermarkt. F\u00fcr unseren ersten gro\u00dfen Einkauf haben wir jedoch den gro\u00dfen Supermarkt in Lavrion angesteuert. Als Yacht haben wir eine Monohull Oceanis 51.1, Baujahr 2020, gew\u00e4hlt, die f\u00fcr uns sieben gro\u00df und ger\u00e4umig war, da sie f\u00fcr 10 Leute, maximal 12 mit Bett im Salon gedacht ist.<\/p>\n<h4>Von Lavrion durch den Saronischen Golf nach Poros<\/h4>\n<p>Am Sonntag ging es dann bei 3 Beaufort, wenig Welle und blauem Himmel los. \u00dcberhaupt hatten wir w\u00e4hrend des gesamten T\u00f6rns angenehme Winde zwischen 4 bis 5 Beaufort und 11,2 Knoten waren die Spitze. Zuerst steuerten wir <strong>Poros <\/strong>an, eine Insel im S\u00fcdwesten des Saronischen Golfs. Sie besteht aus einem gr\u00f6\u00dferen und einem kleineren Teil. Die Stadt liegt auf der kleineren Insel, gegen\u00fcber der Hafenstadt Galata und ist durch eine schmale Meerenge vom Peloponnes getrennt. Die Stadt ist sehr sch\u00f6n mit ihren farbenfrohen alten H\u00e4usern und dem kleinen Uhrenturm auf dem H\u00fcgel. Auf dem R\u00fcckweg hatten wir dort sogar noch einen besseren Liegeplatz als auf der Hinfahrt, direkt vor dem sch\u00f6nen Marktplatz. Auch in Poros gibt es ein reges Nachtleben, da es auch bei Athenern als Ausflugziel beliebt und mit der F\u00e4hre leicht erreichbar ist. Die Bars haben sogar unter der Woche bis morgens ge\u00f6ffnet. Empfehlen k\u00f6nnen wir hier die Malibu Bar, die zwar im Internet nicht so gut bewertet ist, aber wer auch tanzen m\u00f6chte, ist hier richtig.<\/p>\n<p>Tauch- und Schnorchelfans k\u00f6nnen westlich von Poros, in der Bucht an der Festlandk\u00fcste, ein Schiffswrack erkunden, das ungef\u00e4hr 40 Metern lang ist und halb aus dem Wasser schaut. Wer hineintauchen m\u00f6chte, sollte Neopren und Handschuhe tragen wegen des Rosts. Man sollte dort beim Heranfahren vorsichtig sein, da es in der Bucht sehr flach wird (1 bis 4 m Tiefe), und nicht zu nah an das Schiff ranfahren, sonst steckt man fest. Am besten den Anker in Entfernung werfen und mit dem Dingy oder SUP hinfahren.&nbsp;<\/p>\n<div id=\"attachment_10114\" style=\"width: 690px\" class=\"wp-caption aligncenter\"><img decoding=\"async\" aria-describedby=\"caption-attachment-10114\" class=\"wp-image-10114 size-large\" src=\"https:\/\/www.1a-yachtcharter.de\/blog\/wp-content\/uploads\/2021\/11\/k-AdobeStock_58230045_sborisov_Poros-1024x682.jpeg\" alt=\"\" width=\"680\" height=\"453\" srcset=\"https:\/\/www.1a-yachtcharter.de\/blog\/wp-content\/uploads\/2021\/11\/k-AdobeStock_58230045_sborisov_Poros-1024x682.jpeg 1024w, https:\/\/www.1a-yachtcharter.de\/blog\/wp-content\/uploads\/2021\/11\/k-AdobeStock_58230045_sborisov_Poros-300x200.jpeg 300w, https:\/\/www.1a-yachtcharter.de\/blog\/wp-content\/uploads\/2021\/11\/k-AdobeStock_58230045_sborisov_Poros-768x512.jpeg 768w, https:\/\/www.1a-yachtcharter.de\/blog\/wp-content\/uploads\/2021\/11\/k-AdobeStock_58230045_sborisov_Poros-1536x1023.jpeg 1536w, https:\/\/www.1a-yachtcharter.de\/blog\/wp-content\/uploads\/2021\/11\/k-AdobeStock_58230045_sborisov_Poros-140x94.jpeg 140w, https:\/\/www.1a-yachtcharter.de\/blog\/wp-content\/uploads\/2021\/11\/k-AdobeStock_58230045_sborisov_Poros-400x266.jpeg 400w, https:\/\/www.1a-yachtcharter.de\/blog\/wp-content\/uploads\/2021\/11\/k-AdobeStock_58230045_sborisov_Poros-350x233.jpeg 350w, https:\/\/www.1a-yachtcharter.de\/blog\/wp-content\/uploads\/2021\/11\/k-AdobeStock_58230045_sborisov_Poros.jpeg 1920w\" sizes=\"(max-width: 680px) 100vw, 680px\" \/><p id=\"caption-attachment-10114\" class=\"wp-caption-text\">Poros auf der kleinen Insel gegen\u00fcber vom Peloponnes. \u00a9AdobeStock<\/p><\/div>\n<h4>Um den Peloponnes nach Hydra<\/h4>\n<p>Am Montag ging es weiter Richtung Westen zur Insel <strong>Hydra<\/strong> mit der gleichnamigen Stadt. Auch hier ist es ruhiger, die Stadt, wie Poros haupts\u00e4chlich Altstadt, teilweise mit Villen aus dem 18. Jahrhundert, ist auch megasch\u00f6n. Der Stadthafen allerdings war etwas stressig, da man schon sehr fr\u00fch, am besten vormittags, da sein musste, um einen Platz zu bekommen. Daher entschlossen wir uns, in der Bucht nebenan \u00f6stlich bei Mandraki Beach zu ankern. Die Insel ist weniger gr\u00fcn als Poros und haupts\u00e4chlich felsig. Als wir abends wiederkamen von unserem Landgang, dr\u00fcckten Wind und Wellen in die Bucht und wir drifteten immer leicht Richtung Felsen, sodass wir zur Vorsicht eine Nachtwache abstellten, weil wir nicht noch in die n\u00e4chste Bucht fahren wollten.<\/p>\n<div id=\"attachment_10115\" style=\"width: 690px\" class=\"wp-caption aligncenter\"><img decoding=\"async\" aria-describedby=\"caption-attachment-10115\" class=\"wp-image-10115 size-large\" src=\"https:\/\/www.1a-yachtcharter.de\/blog\/wp-content\/uploads\/2021\/11\/k-AdobeStock_84266504_Freesurf_Hydra-1024x550.jpeg\" alt=\"\" width=\"680\" height=\"365\" srcset=\"https:\/\/www.1a-yachtcharter.de\/blog\/wp-content\/uploads\/2021\/11\/k-AdobeStock_84266504_Freesurf_Hydra-1024x550.jpeg 1024w, https:\/\/www.1a-yachtcharter.de\/blog\/wp-content\/uploads\/2021\/11\/k-AdobeStock_84266504_Freesurf_Hydra-300x161.jpeg 300w, https:\/\/www.1a-yachtcharter.de\/blog\/wp-content\/uploads\/2021\/11\/k-AdobeStock_84266504_Freesurf_Hydra-768x412.jpeg 768w, https:\/\/www.1a-yachtcharter.de\/blog\/wp-content\/uploads\/2021\/11\/k-AdobeStock_84266504_Freesurf_Hydra-1536x825.jpeg 1536w, https:\/\/www.1a-yachtcharter.de\/blog\/wp-content\/uploads\/2021\/11\/k-AdobeStock_84266504_Freesurf_Hydra-400x215.jpeg 400w, https:\/\/www.1a-yachtcharter.de\/blog\/wp-content\/uploads\/2021\/11\/k-AdobeStock_84266504_Freesurf_Hydra-350x188.jpeg 350w, https:\/\/www.1a-yachtcharter.de\/blog\/wp-content\/uploads\/2021\/11\/k-AdobeStock_84266504_Freesurf_Hydra.jpeg 1920w\" sizes=\"(max-width: 680px) 100vw, 680px\" \/><p id=\"caption-attachment-10115\" class=\"wp-caption-text\">Die autofreie Insel Hydra. \u00a9AdobeStock<\/p><\/div>\n<h4>Von Hydra nach Spetses<\/h4>\n<p>Nach den Stadtbesuchen hatten wir am Dienstag alle Lust auf sportliche Aktivit\u00e4ten. Rund um die Insel <strong>Spetses<\/strong> liegen Buchten mit klarem Wasser und Kieselstr\u00e4nden. Da haben wir unsere Wasserspielsachen rausgeholt \u2013 SUPs, Floaties, Schnorchelausr\u00fcstung \u2013 und haben anschlie\u00dfend mit ein paar Drinks die Ruhe in der Bucht genossen.<br \/>\nZum Schnorcheln und Tauchen gibt es auch hier auf der Insel wieder eine Besonderheit: Bekiri\u00b4s Cave. Die H\u00f6hle befindet sich im Westen der Insel. Sie war die einzige H\u00f6hle auf unserer Route und liegt nicht komplett im Wasser. Man kann dort hineinschwimmen; ein halber, manchmal eineinhalb Meter bis zur Decke liegen oberhalb der Wasserfl\u00e4che. Sie ist aber ziemlich dunkel, sodass man Taschenlampen dabei haben sollte. Innen sieht man kleine Fischschw\u00e4rme und es gibt noch eine weitere H\u00f6hle im Anschluss, die zerkl\u00fcfteter ist.<\/p>\n<div id=\"attachment_10150\" style=\"width: 690px\" class=\"wp-caption aligncenter\"><img decoding=\"async\" aria-describedby=\"caption-attachment-10150\" class=\"wp-image-10150 size-large\" src=\"https:\/\/www.1a-yachtcharter.de\/blog\/wp-content\/uploads\/2021\/11\/k-AdobeStock_397407401_luengo_ua_Spetses-1024x767.jpeg\" alt=\"\" width=\"680\" height=\"509\" srcset=\"https:\/\/www.1a-yachtcharter.de\/blog\/wp-content\/uploads\/2021\/11\/k-AdobeStock_397407401_luengo_ua_Spetses-1024x767.jpeg 1024w, https:\/\/www.1a-yachtcharter.de\/blog\/wp-content\/uploads\/2021\/11\/k-AdobeStock_397407401_luengo_ua_Spetses-300x225.jpeg 300w, https:\/\/www.1a-yachtcharter.de\/blog\/wp-content\/uploads\/2021\/11\/k-AdobeStock_397407401_luengo_ua_Spetses-768x575.jpeg 768w, https:\/\/www.1a-yachtcharter.de\/blog\/wp-content\/uploads\/2021\/11\/k-AdobeStock_397407401_luengo_ua_Spetses-1536x1150.jpeg 1536w, https:\/\/www.1a-yachtcharter.de\/blog\/wp-content\/uploads\/2021\/11\/k-AdobeStock_397407401_luengo_ua_Spetses-400x300.jpeg 400w, https:\/\/www.1a-yachtcharter.de\/blog\/wp-content\/uploads\/2021\/11\/k-AdobeStock_397407401_luengo_ua_Spetses-350x262.jpeg 350w, https:\/\/www.1a-yachtcharter.de\/blog\/wp-content\/uploads\/2021\/11\/k-AdobeStock_397407401_luengo_ua_Spetses.jpeg 1920w\" sizes=\"(max-width: 680px) 100vw, 680px\" \/><p id=\"caption-attachment-10150\" class=\"wp-caption-text\">Die Altstadt von Spetses und der Hafen. \u00a9AdobeStock<\/p><\/div>\n<h4>Ein kurzer Schlag zum Festland nach Porto Heli<\/h4>\n<p>Den darauffolgenden Tag sind wir nicht viel weiter gefahren, denn nahe Spetses liegt die Stadt <strong>Porto Heli <\/strong>auf dem Peloponnes in einer gr\u00f6\u00dferen Bucht. Bei der Hafeneinfahrt gibt es auch sch\u00f6ne kleine Buchten und die Marina liegt gut gesch\u00fctzt und bietet alles Wichtige: Wasser, Strom, Reparaturhilfe und in der N\u00e4he sind Restaurants und Superm\u00e4rkte. Am besten sollte man in der Marina vorher reservieren. Zus\u00e4tzlich zur Marina gibt es noch den Stadthafen sowie gen\u00fcgend Ankerpl\u00e4tze in der Bucht. Im Stadthafen haben wir neben einer schwarzen Riesenyacht gelegen mit dem Bootsnamen 007, was tats\u00e4chlich ein wenig wie in einem James-Bond-Film war. Die Stadt Porto Heli selbst fanden wir nach den beiden tollen historischen St\u00e4dten nicht so sch\u00f6n, aber zumindest war es ruhig.<\/p>\n<div id=\"attachment_10116\" style=\"width: 690px\" class=\"wp-caption aligncenter\"><img decoding=\"async\" aria-describedby=\"caption-attachment-10116\" class=\"wp-image-10116 size-large\" src=\"https:\/\/www.1a-yachtcharter.de\/blog\/wp-content\/uploads\/2021\/11\/k-AdobeStock_364840431_aerial-drone_PortoHeli-1024x576.jpeg\" alt=\"\" width=\"680\" height=\"383\" srcset=\"https:\/\/www.1a-yachtcharter.de\/blog\/wp-content\/uploads\/2021\/11\/k-AdobeStock_364840431_aerial-drone_PortoHeli-1024x576.jpeg 1024w, https:\/\/www.1a-yachtcharter.de\/blog\/wp-content\/uploads\/2021\/11\/k-AdobeStock_364840431_aerial-drone_PortoHeli-300x169.jpeg 300w, https:\/\/www.1a-yachtcharter.de\/blog\/wp-content\/uploads\/2021\/11\/k-AdobeStock_364840431_aerial-drone_PortoHeli-768x432.jpeg 768w, https:\/\/www.1a-yachtcharter.de\/blog\/wp-content\/uploads\/2021\/11\/k-AdobeStock_364840431_aerial-drone_PortoHeli-1536x864.jpeg 1536w, https:\/\/www.1a-yachtcharter.de\/blog\/wp-content\/uploads\/2021\/11\/k-AdobeStock_364840431_aerial-drone_PortoHeli-400x225.jpeg 400w, https:\/\/www.1a-yachtcharter.de\/blog\/wp-content\/uploads\/2021\/11\/k-AdobeStock_364840431_aerial-drone_PortoHeli-350x197.jpeg 350w, https:\/\/www.1a-yachtcharter.de\/blog\/wp-content\/uploads\/2021\/11\/k-AdobeStock_364840431_aerial-drone_PortoHeli.jpeg 1920w\" sizes=\"(max-width: 680px) 100vw, 680px\" \/><p id=\"caption-attachment-10116\" class=\"wp-caption-text\">Buchten vor der Stadt Porto Heli. \u00a9AdobeStock<\/p><\/div>\n<h4>\u00dcber die Inseln Dokos und Poros zur\u00fcck nach Lavrion<\/h4>\n<p>Donnerstag machten wir uns dann an die R\u00fcckfahrt und segelten zur Insel <strong>Dokos<\/strong>, nordwestlich von Hydra. Die Insel ist 14 km\u00b2 gro\u00df und hat kaum Einwohner. Man trifft haupts\u00e4chlich Segler, die in den Buchten vor Anker liegen. Die Insel ist beliebt f\u00fcr Badeausfl\u00fcge, Wanderungen und Camping. Da wir es zeitlich nicht mehr bei Tageslicht geschafft haben, haben wir kurzerhand eine Nachtwanderung gemacht. Mit Stirnlampen und nahe am Vollmond war das auch kein Problem. Wir sind auf den n\u00e4chsten h\u00f6heren H\u00fcgel gewandert, sodass wir einen guten Blick \u00fcber die ganze Bucht sowie die n\u00e4chstgelegenen Inseln hatten. Dokos selbst ist steinig und h\u00fcgelig, wenn man an den Felsen Schnorcheln geht, sieht man hier auch relativ viele Seeigel.&nbsp;<\/p>\n<p>Leider geht eine Woche schnell rum und so machten wir uns \u00fcber Poros wieder auf den R\u00fcckweg Richtung Lavrion, wo wir am Samstag die Yacht wieder \u00fcbergeben haben. Eine Nacht sind wir dann noch in Athen geblieben, waren noch einmal im six d.o.g.s, wo es uns sehr gut gefallen hatte und die neben Getr\u00e4nken auch Speisen anbieten, und haben den T\u00f6rn mit einer Geburtstagsfeier f\u00fcr unser Crewmitglied Jan ausklingen lassen.<\/p>\n<p>Mehr \u00fcber Marc Offenbacher und seine Reisen erfahren Sie auf:<\/p>\n<p>Webseite: <a href=\"https:\/\/www.marcoffenbacher.com\/\" target=\"_blank\" rel=\"noopener\">https:\/\/www.marcoffenbacher.com\/<\/a><br \/>\nInstagram:<a href=\"https:\/\/www.instagram.com\/marc_offenbacher\/\" target=\"_blank\" rel=\"noopener\"> https:\/\/www.instagram.com\/marc_offenbacher\/<br \/>\n<\/a>Facebook: <a href=\"https:\/\/www.facebook.com\/marcoffenbacherphoto\/\">https:\/\/www.facebook.com\/marcoffenbacherphoto\/<\/a><\/p>\n<div class=\"remoji_bar\"><div class=\"remoji_add_container\" data-remoji-id=\"10109\" data-remoji-type=\"post\"><div class=\"remoji_add_icon\"><\/div><\/div><div class=\"remoji_error_bar\" data-remoji-id=\"10109\" data-remoji-type=\"post\" style=\"display: none;\">Error happened.<\/div><\/div>","protected":false},"excerpt":{"rendered":"<p>Marc Offenbachers Leidenschaften sind das Fotografieren, Actionsport und Abenteuer erleben. Auf seinen Reisen verschl\u00e4gt es ihn daf\u00fcr vor allem an ungew\u00f6hnliche Orte wie auf den Mont Blanc oder mit einem Paragleiter nahe an einen ausbrechenden Vulkan in Guatemala. Doch auch ein Abenteurer muss mal etwas ausspannen. Und so begab er sich mit seiner Crew und 1a Yachtcharter auf einen T\u00f6rn nach Griechenland. \u00dcber ihre Route und was er empfehlen kann, berichtet er im Folgenden: Um mit sechs Freunden mal wieder zusammen Urlaub zu machen, entschlossen wir uns f\u00fcr einen einw\u00f6chigen Yachtt\u00f6rn in Griechenland. Wir kommen aus unterschiedlichen Teilen Deutschlands und<\/p>\n","protected":false},"author":18,"featured_media":10116,"comment_status":"open","ping_status":"open","sticky":false,"template":"","format":"standard","meta":{"_monsterinsights_skip_tracking":false,"_monsterinsights_sitenote_active":false,"_monsterinsights_sitenote_note":"","_monsterinsights_sitenote_category":0,"ngg_post_thumbnail":0,"footnotes":""},"categories":[1053],"tags":[2154,3165,3166,3169,1613,3164,3163,3087],"class_list":["post-10109","post","type-post","status-publish","format-standard","has-post-thumbnail","hentry","category-reisen","tag-aegaeis","tag-argolischer-golf","tag-athen","tag-entspanntes-segeln","tag-griechenland","tag-lavrion","tag-saronischer-golf","tag-toerntipps"],"aioseo_notices":[],"_links":{"self":[{"href":"https:\/\/www.1a-yachtcharter.de\/blog\/wp-json\/wp\/v2\/posts\/10109","targetHints":{"allow":["GET"]}}],"collection":[{"href":"https:\/\/www.1a-yachtcharter.de\/blog\/wp-json\/wp\/v2\/posts"}],"about":[{"href":"https:\/\/www.1a-yachtcharter.de\/blog\/wp-json\/wp\/v2\/types\/post"}],"author":[{"embeddable":true,"href":"https:\/\/www.1a-yachtcharter.de\/blog\/wp-json\/wp\/v2\/users\/18"}],"replies":[{"embeddable":true,"href":"https:\/\/www.1a-yachtcharter.de\/blog\/wp-json\/wp\/v2\/comments?post=10109"}],"version-history":[{"count":20,"href":"https:\/\/www.1a-yachtcharter.de\/blog\/wp-json\/wp\/v2\/posts\/10109\/revisions"}],"predecessor-version":[{"id":12408,"href":"https:\/\/www.1a-yachtcharter.de\/blog\/wp-json\/wp\/v2\/posts\/10109\/revisions\/12408"}],"wp:featuredmedia":[{"embeddable":true,"href":"https:\/\/www.1a-yachtcharter.de\/blog\/wp-json\/wp\/v2\/media\/10116"}],"wp:attachment":[{"href":"https:\/\/www.1a-yachtcharter.de\/blog\/wp-json\/wp\/v2\/media?parent=10109"}],"wp:term":[{"taxonomy":"category","embeddable":true,"href":"https:\/\/www.1a-yachtcharter.de\/blog\/wp-json\/wp\/v2\/categories?post=10109"},{"taxonomy":"post_tag","embeddable":true,"href":"https:\/\/www.1a-yachtcharter.de\/blog\/wp-json\/wp\/v2\/tags?post=10109"}],"curies":[{"name":"wp","href":"https:\/\/api.w.org\/{rel}","templated":true}]}}