{"id":11490,"date":"2022-12-16T16:09:30","date_gmt":"2022-12-16T14:09:30","guid":{"rendered":"https:\/\/www.1a-yachtcharter.de\/blog\/?p=11490"},"modified":"2023-12-28T14:09:04","modified_gmt":"2023-12-28T12:09:04","slug":"eine-woche-durch-dalmatien-mit-marc-offenbacher","status":"publish","type":"post","link":"https:\/\/www.1a-yachtcharter.de\/blog\/eine-woche-durch-dalmatien-mit-marc-offenbacher\/","title":{"rendered":"Eine Woche durch Dalmatien mit Marc Offenbacher"},"content":{"rendered":"<p><span style=\"font-weight: 400;\">Vor 20 Jahren hat Marc Offenbacher das Segeln f\u00fcr sich entdeckt. Doch das ist nicht die einzige Sportart, in der er zu Hause ist. Auch beim Paragliding, Skitourengehen oder Skydiving erkundet er die Welt aus anderen Perspektiven und f\u00e4ngt diese als Fotograf ein. <\/span><span style=\"font-weight: 400;\"><br \/>\n<\/span><span style=\"font-weight: 400;\">Dieses Jahr ging er mit 1a Yachtcharter und 7 Freunden auf einen Wochent\u00f6rn nach <a href=\"https:\/\/www.1a-yachtcharter.de\/charterziele\/kroatien\/c-102\" target=\"_blank\" rel=\"noopener\">Kroatien<\/a>:<\/span><\/p>\n<blockquote>Unsere Route f\u00fcr eine Woche vom 24.9. bis 01.10.22 war: Nord- und Mitteldalmatien: <a href=\"https:\/\/www.1a-yachtcharter.de\/charterziele\/kroatien\/kastela\/l-29\" target=\"_blank\" rel=\"noopener\">Ka\u0161tela<\/a> \u2013 Trogir \u2013 Rogoznica \u2013 \u0160ibenik\u2013 Kornaten \u2013 Telascica \u2013 Primosten \u2013 Ka\u0161tela (Split)<\/blockquote>\n<p><span style=\"font-weight: 400;\">Da die Crew aus f\u00fcnf St\u00e4dten zusammenkam, haben wir uns als Startpunkt die Marina Ka\u0161tela nahe Split ausgesucht. Den Flughafen Split kann man von verschiedenen deutschen St\u00e4dten gut erreichen und die Marina liegt nur knapp 20 Autominuten entfernt. F\u00fcr acht Leute haben wir eine neue <strong>Hanse 588<\/strong> gechartert. Es war bis dato die gr\u00f6\u00dfte Yacht, mit der ich gesegelt bin, und auch die am besten ausgestattetste: Teakdeck bis zum Bug, zwei Vorsegel, Fock und Genua konnte man elektrisch ausfahren, Performancekiel mit mehr Tiefgang, ein Grill im Cockpit, ein dritter K\u00fchlschrank in der Komb\u00fcse und ein Beiboot mit 20 PS, was auch praktisch f\u00fcrs Wakeboarding war. Die Yacht hatte 4 Doppelkabinen und vier B\u00e4der. F\u00fcr 8 Leute war die Yacht genau passend und komfortabel.&nbsp;<\/span><\/p>\n<h3><span style=\"font-weight: 400;\">Tag 1: Ka\u0161tela \u2013 Trogir<\/span><\/h3>\n<p><span style=\"font-weight: 400;\">Gestartet sind wir vorerst zu sechst in der Marina. Neben mir hatte noch ein weiteres Crewmitglied gerade einen Segelschein erworben. Daher \u00fcbernahmen wir zu zweit die \u00dcbernahme der Yacht. Da es nicht meine erste Hanse war, kannte ich mich mit dem Bootstyp schon etwas aus. Die anderen kauften derweilen bei den zwei Superm\u00e4rkten in der Marina ein. Wir starteten gleich mit einem gro\u00dfen Einkauf, sodass wir nur noch frische Sachen wie Fisch oder Fleisch auf dem T\u00f6rn dazukaufen brauchten.&nbsp;<\/span><\/p>\n<p><span style=\"font-weight: 400;\">Nicht weit von Ka\u0161tela liegt das sch\u00f6ne mittelalterliche <strong>Trogir<\/strong>, welches wir direkt am Tag unseres Check-Ins noch ansteuern konnten. Die Marina liegt direkt gegen\u00fcber der Altstadt, sodass man schnell zu Fu\u00df mitten im Geschehen ist. So hatten wir auch noch Zeit f\u00fcr eine Stadttour und sp\u00e4ter einem Barbesuch. Belohnt wurden wir dazwischen mit einem sch\u00f6nen Sonnenuntergang.&nbsp;<\/span><\/p>\n<p><span style=\"font-weight: 400;\">Bei einer Yacht mit mehr Tiefgang wie dieser Hanse ist das Platzangebot in den H\u00e4fen gering, zumeist gibt es einige \u00e4u\u00dfere Pl\u00e4tze, in die man passt. Da wir in der Nebensaison gefahren sind, haben wir immer<\/span> <span style=\"font-weight: 400;\">einen Platz bekommen. Wenn wir wussten, dass wir sp\u00e4ter ankommen, haben wir vorreserviert. In der Hauptsaison ist eine Vorreservierung auf jeden Fall ratsam.&nbsp;&nbsp;<\/span><\/p>\n<div id=\"attachment_11516\" style=\"width: 690px\" class=\"wp-caption aligncenter\"><img decoding=\"async\" aria-describedby=\"caption-attachment-11516\" class=\"wp-image-11516 size-large\" src=\"https:\/\/www.1a-yachtcharter.de\/blog\/wp-content\/uploads\/2022\/12\/DJI_0359-1-1024x681.jpg\" alt=\"\" width=\"680\" height=\"452\" srcset=\"https:\/\/www.1a-yachtcharter.de\/blog\/wp-content\/uploads\/2022\/12\/DJI_0359-1-1024x681.jpg 1024w, https:\/\/www.1a-yachtcharter.de\/blog\/wp-content\/uploads\/2022\/12\/DJI_0359-1-300x200.jpg 300w, https:\/\/www.1a-yachtcharter.de\/blog\/wp-content\/uploads\/2022\/12\/DJI_0359-1-768x511.jpg 768w, https:\/\/www.1a-yachtcharter.de\/blog\/wp-content\/uploads\/2022\/12\/DJI_0359-1-140x94.jpg 140w, https:\/\/www.1a-yachtcharter.de\/blog\/wp-content\/uploads\/2022\/12\/DJI_0359-1-400x266.jpg 400w, https:\/\/www.1a-yachtcharter.de\/blog\/wp-content\/uploads\/2022\/12\/DJI_0359-1-350x233.jpg 350w, https:\/\/www.1a-yachtcharter.de\/blog\/wp-content\/uploads\/2022\/12\/DJI_0359-1.jpg 1291w\" sizes=\"(max-width: 680px) 100vw, 680px\" \/><p id=\"caption-attachment-11516\" class=\"wp-caption-text\">Die Crew der Hanse 588.&nbsp;<\/p><\/div>\n<p>&nbsp;<\/p>\n<h3><span style=\"font-weight: 400;\">Tag 2: Trogir &#8211; Rogoznica<\/span><\/h3>\n<p><span style=\"font-weight: 400;\">Am Sonntag regnete es stark, aber wir sind trotzdem gem\u00fctlich losgesegelt und sp\u00e4ter zog es auch wieder auf, sodass wir am Nachmittag sogar Sonne hatten. Wir segelten zum Bojenfeld der Marina Frapa in <strong>Rogoznica<\/strong>, wo uns gleich eine Panne erwischte. Ein Tau ist in unser Bugstrahlruder reingekommen. Da starker Wind wehte, hatten wir etwa 20 Minuten zu k\u00e4mpfen. Wir konnten es dann wieder l\u00f6sen, das Bugstrahlruder lie\u00df sich aber nicht mehr reinfahren. Wir konnten es aber selbst wieder instandsetzen.<\/span> <span style=\"font-weight: 400;\">In der Marina stie\u00dfen dann auch unsere zwei letzten Crewmitglieder dazu.&nbsp;<\/span><\/p>\n<div id=\"attachment_11534\" style=\"width: 690px\" class=\"wp-caption aligncenter\"><img decoding=\"async\" aria-describedby=\"caption-attachment-11534\" class=\"wp-image-11534 size-large\" src=\"https:\/\/www.1a-yachtcharter.de\/blog\/wp-content\/uploads\/2022\/12\/k-AdobeStock_180839168_aerocainua_Rogoznica-1024x576.jpeg\" alt=\"\" width=\"680\" height=\"383\" srcset=\"https:\/\/www.1a-yachtcharter.de\/blog\/wp-content\/uploads\/2022\/12\/k-AdobeStock_180839168_aerocainua_Rogoznica-1024x576.jpeg 1024w, https:\/\/www.1a-yachtcharter.de\/blog\/wp-content\/uploads\/2022\/12\/k-AdobeStock_180839168_aerocainua_Rogoznica-300x169.jpeg 300w, https:\/\/www.1a-yachtcharter.de\/blog\/wp-content\/uploads\/2022\/12\/k-AdobeStock_180839168_aerocainua_Rogoznica-768x432.jpeg 768w, https:\/\/www.1a-yachtcharter.de\/blog\/wp-content\/uploads\/2022\/12\/k-AdobeStock_180839168_aerocainua_Rogoznica-1536x863.jpeg 1536w, https:\/\/www.1a-yachtcharter.de\/blog\/wp-content\/uploads\/2022\/12\/k-AdobeStock_180839168_aerocainua_Rogoznica-400x225.jpeg 400w, https:\/\/www.1a-yachtcharter.de\/blog\/wp-content\/uploads\/2022\/12\/k-AdobeStock_180839168_aerocainua_Rogoznica-350x197.jpeg 350w, https:\/\/www.1a-yachtcharter.de\/blog\/wp-content\/uploads\/2022\/12\/k-AdobeStock_180839168_aerocainua_Rogoznica.jpeg 1980w\" sizes=\"(max-width: 680px) 100vw, 680px\" \/><p id=\"caption-attachment-11534\" class=\"wp-caption-text\">Marina Frapa in Rogoznica<\/p><\/div>\n<p>&nbsp;<\/p>\n<h3><span style=\"font-weight: 400;\">Tag 3: Otok Zlarin und \u0160ibenik<\/span><\/h3>\n<p><span style=\"font-weight: 400;\">Am Montag hatte sich die Sonne hinter Wolken versteckt, aber wir hatten guten Segelwind und alle Segel drau\u00dfen und setzten Kurs auf \u0160ibenik. Da die Bedingungen in diesem Revier auch gut f\u00fcr Anf\u00e4nger sind, konnte auch unser Crewmitglied, der gerade seinen Schein gemacht hatte, \u00fcbernehmen. Am Nachmittag erreichten wir die Insel <strong>Zlarin<\/strong> und ankerten in der Bucht vor der gleichnamigen Stadt. Auf der Insel gibt es keine Autos und man kann die idyllische und sehr gr\u00fcne Insel daher in Ruhe wandernd oder mit Fahrrad erkunden. Da die Crew eines anderen Schiffes ein Wakeboard dabei hatte und wir ein PS-starkes Beiboot, konnten wir zusammen auch noch einige Runden in der Bucht drehen.&nbsp;<\/span><\/p>\n<p><span style=\"font-weight: 400;\">Zum Abend ging es durch die Meerenge nach <strong>\u0160ibenik<\/strong>. Hier steuerten wir direkt den Stadthafen an, da die Marina eine dreiviertel Stunde entfernt liegt, und wir hatten Gl\u00fcck, dass noch eine passende Box frei war. Da keine Muringleine vorhanden war, mussten wir den Anker werfen und die Yacht an Bug und Heck befestigen. \u0160ibenik ist eine sehr sch\u00f6ne Stadt mit einer sehenswerten Festung und in der Nebensaison war es hier angenehm ruhig. Dieses Mal entschlossen wir uns, in einem der vielen Restaurants zu essen und anschlie\u00dfend den Abend auf dem Boot zu beenden.&nbsp;<\/span><\/p>\n<div id=\"attachment_11552\" style=\"width: 690px\" class=\"wp-caption aligncenter\"><img decoding=\"async\" aria-describedby=\"caption-attachment-11552\" class=\"wp-image-11552 size-large\" src=\"https:\/\/www.1a-yachtcharter.de\/blog\/wp-content\/uploads\/2022\/12\/k-AdobeStock_47440951_Dario_Bajurin_Sibenik-1024x683.jpeg\" alt=\"\" width=\"680\" height=\"454\" srcset=\"https:\/\/www.1a-yachtcharter.de\/blog\/wp-content\/uploads\/2022\/12\/k-AdobeStock_47440951_Dario_Bajurin_Sibenik-1024x683.jpeg 1024w, https:\/\/www.1a-yachtcharter.de\/blog\/wp-content\/uploads\/2022\/12\/k-AdobeStock_47440951_Dario_Bajurin_Sibenik-300x200.jpeg 300w, https:\/\/www.1a-yachtcharter.de\/blog\/wp-content\/uploads\/2022\/12\/k-AdobeStock_47440951_Dario_Bajurin_Sibenik-768x512.jpeg 768w, https:\/\/www.1a-yachtcharter.de\/blog\/wp-content\/uploads\/2022\/12\/k-AdobeStock_47440951_Dario_Bajurin_Sibenik-1536x1024.jpeg 1536w, https:\/\/www.1a-yachtcharter.de\/blog\/wp-content\/uploads\/2022\/12\/k-AdobeStock_47440951_Dario_Bajurin_Sibenik-140x94.jpeg 140w, https:\/\/www.1a-yachtcharter.de\/blog\/wp-content\/uploads\/2022\/12\/k-AdobeStock_47440951_Dario_Bajurin_Sibenik-400x267.jpeg 400w, https:\/\/www.1a-yachtcharter.de\/blog\/wp-content\/uploads\/2022\/12\/k-AdobeStock_47440951_Dario_Bajurin_Sibenik-350x233.jpeg 350w, https:\/\/www.1a-yachtcharter.de\/blog\/wp-content\/uploads\/2022\/12\/k-AdobeStock_47440951_Dario_Bajurin_Sibenik.jpeg 1980w\" sizes=\"(max-width: 680px) 100vw, 680px\" \/><p id=\"caption-attachment-11552\" class=\"wp-caption-text\">Die Altstadt von \u0160ibenik mit der Festung.<\/p><\/div>\n<p>&nbsp;<\/p>\n<h3><span style=\"font-weight: 400;\">Tag 4: Kornaten<\/span><\/h3>\n<p><span style=\"font-weight: 400;\">Am n\u00e4chsten Tag begleitete uns wieder gutes Wetter etwas weiter Richtung Norden. Wenn wir schonmal in der Gegend sind, wollten wir in die <strong>Kornaten<\/strong> segeln. Die Inselgruppe geh\u00f6rt zu einem Nationalpark, f\u00fcr den man auch eine Geb\u00fchr entrichten muss. Das geht auch bequem online \u00fcber die <a href=\"https:\/\/shop.np-kornati.hr\/en\" target=\"_blank\" rel=\"noopener\">Seite des Kornati Nationalparks<\/a>. Es muss damit gerechnet werden, dass im Park auch kontrolliert wird. Wir wurden an einer Boje im Norden vom Personal angesprochen.&nbsp;<\/span><\/p>\n<p><span style=\"font-weight: 400;\">Bei sch\u00f6nstem Sonnenschein und einer angenehmen Brise zum Segeln machten wir uns auf den Weg. In der kleinen Bucht Lojena auf Otok Levrnaka machten wir an einer Boje fest und waren mitten in den Kornaten, umgeben von t\u00fcrkisfarbenem Wasser, an der K\u00fcste lag auch ein kleiner Sandstrand. Im Gegensatz zu Zlarin sind die Inseln der Kornaten wesentlich kahler, aber darin liegt auch ihr Reiz und ihre eigene Sch\u00f6nheit. Hier kommt man runter und vor allem in der Nebensaison ist nicht viel los. Auch das Navigieren ist angenehm, man kann nahe an die K\u00fcstenlinie ranfahren, es gibt nur sehr wenige Untiefen und die sind in den Karten gekennzeichnet. So genossen wir die Abgeschiedenheit und machten uns Fisch, den wir in \u0160ibenik gekauft hatten, mit R\u00f6stkartoffeln und Gem\u00fcse. Leider regnete es etwas, aber unter dem Bimini und mit einem Hoodie lie\u00df es sich trotzdem angenehm f\u00fcr einen Spieleabend drau\u00dfen sitzen. Die gesch\u00fctzte Bucht war perfekt, um hier die Nacht zu verbringen.<\/span><\/p>\n<div id=\"attachment_11548\" style=\"width: 690px\" class=\"wp-caption aligncenter\"><img decoding=\"async\" aria-describedby=\"caption-attachment-11548\" class=\"wp-image-11548 size-large\" src=\"https:\/\/www.1a-yachtcharter.de\/blog\/wp-content\/uploads\/2022\/12\/k-AdobeStock_312670052_xbrchx_Kornaten-1024x682.jpeg\" alt=\"\" width=\"680\" height=\"453\" srcset=\"https:\/\/www.1a-yachtcharter.de\/blog\/wp-content\/uploads\/2022\/12\/k-AdobeStock_312670052_xbrchx_Kornaten-1024x682.jpeg 1024w, https:\/\/www.1a-yachtcharter.de\/blog\/wp-content\/uploads\/2022\/12\/k-AdobeStock_312670052_xbrchx_Kornaten-300x200.jpeg 300w, https:\/\/www.1a-yachtcharter.de\/blog\/wp-content\/uploads\/2022\/12\/k-AdobeStock_312670052_xbrchx_Kornaten-768x512.jpeg 768w, https:\/\/www.1a-yachtcharter.de\/blog\/wp-content\/uploads\/2022\/12\/k-AdobeStock_312670052_xbrchx_Kornaten-1536x1023.jpeg 1536w, https:\/\/www.1a-yachtcharter.de\/blog\/wp-content\/uploads\/2022\/12\/k-AdobeStock_312670052_xbrchx_Kornaten-140x94.jpeg 140w, https:\/\/www.1a-yachtcharter.de\/blog\/wp-content\/uploads\/2022\/12\/k-AdobeStock_312670052_xbrchx_Kornaten-400x266.jpeg 400w, https:\/\/www.1a-yachtcharter.de\/blog\/wp-content\/uploads\/2022\/12\/k-AdobeStock_312670052_xbrchx_Kornaten-350x233.jpeg 350w, https:\/\/www.1a-yachtcharter.de\/blog\/wp-content\/uploads\/2022\/12\/k-AdobeStock_312670052_xbrchx_Kornaten.jpeg 1980w\" sizes=\"(max-width: 680px) 100vw, 680px\" \/><p id=\"caption-attachment-11548\" class=\"wp-caption-text\">Im Kornati Nationalpark l\u00e4sst es sich im Schutze der vielen Inseln angenehm segeln und es gibt viele Pl\u00e4tze zum Verweilen.<\/p><\/div>\n<p>&nbsp;<\/p>\n<h3><span style=\"font-weight: 400;\">Tela\u0161\u0107ica<\/span><\/h3>\n<p><span style=\"font-weight: 400;\">Am n\u00e4chsten Morgen sind wir zuerst noch weiter nach Norden gesegelt. Dort schlie\u00dft sich ein weiterer Nationalpark an die Kornaten an: <strong>Tela\u0161\u0107ica<\/strong>. Da er nicht zum Kornati Nationalpark geh\u00f6rt, kostet er nochmal eine eigene Geb\u00fchr, <a href=\"https:\/\/pp-telascica.hr\/pricelist\/?lang=en\" target=\"_blank\" rel=\"noopener\">die auch online bezahlt werden kann<\/a>. Tela\u0161\u0107ica ist wieder gr\u00fcner als die Kornaten. Wir machten in der Bucht Uvala Mir von Dugi Otok an einer Boje fest und erkundeten erst mit Stand-Up-Paddle-Boards die K\u00fcste und dann zu Fu\u00df die Insel.&nbsp;<\/span><\/p>\n<p><span style=\"font-weight: 400;\">Nur wenige Minuten entfernt von der Bucht liegt der Lago Mir, ein See mit salzigem Wasser, umgeben von der typischen H\u00fcgellandschaft der Inseln. Hier im See kann man auch schwimmen, er ist bis zu 6 Meter tief. Angrenzend ist man auch schon direkt bei den wei\u00dfen Steilklippen von Dugi Otok. Sie fallen zur anderen Seite der Bucht ab, wo die offene Adria liegt. W\u00e4hrend einige eher gem\u00fctlich \u00fcber die Insel spazierten, hat ein Teil der Crew die Zeit zum Trailrunning genutzt.&nbsp;<\/span><\/p>\n<div id=\"attachment_11525\" style=\"width: 690px\" class=\"wp-caption aligncenter\"><img decoding=\"async\" aria-describedby=\"caption-attachment-11525\" class=\"wp-image-11525 size-large\" src=\"https:\/\/www.1a-yachtcharter.de\/blog\/wp-content\/uploads\/2022\/12\/k-AdobeStock_449167299_Mislav_Telascica-1024x682.jpeg\" alt=\"\" width=\"680\" height=\"453\" srcset=\"https:\/\/www.1a-yachtcharter.de\/blog\/wp-content\/uploads\/2022\/12\/k-AdobeStock_449167299_Mislav_Telascica-1024x682.jpeg 1024w, https:\/\/www.1a-yachtcharter.de\/blog\/wp-content\/uploads\/2022\/12\/k-AdobeStock_449167299_Mislav_Telascica-300x200.jpeg 300w, https:\/\/www.1a-yachtcharter.de\/blog\/wp-content\/uploads\/2022\/12\/k-AdobeStock_449167299_Mislav_Telascica-768x512.jpeg 768w, https:\/\/www.1a-yachtcharter.de\/blog\/wp-content\/uploads\/2022\/12\/k-AdobeStock_449167299_Mislav_Telascica-1536x1023.jpeg 1536w, https:\/\/www.1a-yachtcharter.de\/blog\/wp-content\/uploads\/2022\/12\/k-AdobeStock_449167299_Mislav_Telascica-140x94.jpeg 140w, https:\/\/www.1a-yachtcharter.de\/blog\/wp-content\/uploads\/2022\/12\/k-AdobeStock_449167299_Mislav_Telascica-400x266.jpeg 400w, https:\/\/www.1a-yachtcharter.de\/blog\/wp-content\/uploads\/2022\/12\/k-AdobeStock_449167299_Mislav_Telascica-350x233.jpeg 350w, https:\/\/www.1a-yachtcharter.de\/blog\/wp-content\/uploads\/2022\/12\/k-AdobeStock_449167299_Mislav_Telascica.jpeg 1980w\" sizes=\"(max-width: 680px) 100vw, 680px\" \/><p id=\"caption-attachment-11525\" class=\"wp-caption-text\">Tela\u0161\u0107ica ist ein weiterer Nationalpark, der sich direkt an die Kornaten anschlie\u00dft. Hierf\u00fcr muss man eine eigene Geb\u00fchr zahlen.<\/p><\/div>\n<p>&nbsp;<\/p>\n<h3><span style=\"font-weight: 400;\">Tag 5: Vodice&nbsp;<\/span><\/h3>\n<p><span style=\"font-weight: 400;\">Eigentlich wollten wir versuchen, einen langen Schlag nach Primosten zu schaffen. Aber es herrschte ein starker Wind an diesem Tag und wir wollten nicht weiter aufkreuzen, daher entschieden wir uns, abzudrehen und einen Zwischenstopp in Vodice zu machen. Bevor wir ankamen, ging der Wind schon in Richtung Sturm und wir holten die Segel ein und fuhren den Rest des Weges mit Motor in die Nacht hinein. Wir k\u00fcndigten uns auch vorher im Hafen an und ergatterten wieder mal den einen Platz, der f\u00fcr die Yacht passend war. Das Anlegen bei derartigem Wind war nicht leicht, ging aber letztendlich gut, da genug Platz vorhanden war. Daf\u00fcr belohnten wir uns mit einem Ausw\u00e4rtsessen und es war bis dato das beste Restaurant des T\u00f6rns. <a href=\"https:\/\/www.tripadvisor.de\/Restaurant_Review-g608723-d23438291-Reviews-Strikoman_s_Bistro-Vodice_Sibenik_Knin_County_Dalmatia.html\" target=\"_blank\" rel=\"noopener\">Strikoman\u2019s Bistro<\/a> liegt in der N\u00e4he vom Hafen, hier findet man kroatische Spezialit\u00e4ten in modernen Kombinationen, sehr empfehlenswert.&nbsp;<\/span><\/p>\n<h3><span style=\"font-weight: 400;\">Tag 6: Primosten &#8211; Bucht Stari Trogir<\/span><\/h3>\n<p><span style=\"font-weight: 400;\">Am n\u00e4chsten Tag war der Wind immer noch st\u00e4rker, aber wir konnten weiter nach Primosten segeln. N\u00f6rdlich der Halbinsel warfen wir in einer Bucht unseren Anker, wo wir gesch\u00fctzt lagen, und schauten uns die Altstadt an, die sich \u00fcber eine kleine Insel erstreckt und mit einem k\u00fcnstlichen Damm mit dem Festland verbunden wurde. Da wir schon fr\u00fcher hier sein wollten, fuhren wir Richtung Abend jedoch weiter in die Bucht bei Stari Trogir, etwa eine Stunde von Trogir entfernt, und verbrachten dort die Nacht.<\/span><\/p>\n<div id=\"attachment_11549\" style=\"width: 690px\" class=\"wp-caption aligncenter\"><img decoding=\"async\" aria-describedby=\"caption-attachment-11549\" class=\"wp-image-11549 size-large\" src=\"https:\/\/www.1a-yachtcharter.de\/blog\/wp-content\/uploads\/2022\/12\/k-AdobeStock_43993397_dziewul_Primosten-1024x683.jpeg\" alt=\"\" width=\"680\" height=\"454\" srcset=\"https:\/\/www.1a-yachtcharter.de\/blog\/wp-content\/uploads\/2022\/12\/k-AdobeStock_43993397_dziewul_Primosten-1024x683.jpeg 1024w, https:\/\/www.1a-yachtcharter.de\/blog\/wp-content\/uploads\/2022\/12\/k-AdobeStock_43993397_dziewul_Primosten-300x200.jpeg 300w, https:\/\/www.1a-yachtcharter.de\/blog\/wp-content\/uploads\/2022\/12\/k-AdobeStock_43993397_dziewul_Primosten-768x512.jpeg 768w, https:\/\/www.1a-yachtcharter.de\/blog\/wp-content\/uploads\/2022\/12\/k-AdobeStock_43993397_dziewul_Primosten-1536x1024.jpeg 1536w, https:\/\/www.1a-yachtcharter.de\/blog\/wp-content\/uploads\/2022\/12\/k-AdobeStock_43993397_dziewul_Primosten-140x94.jpeg 140w, https:\/\/www.1a-yachtcharter.de\/blog\/wp-content\/uploads\/2022\/12\/k-AdobeStock_43993397_dziewul_Primosten-400x267.jpeg 400w, https:\/\/www.1a-yachtcharter.de\/blog\/wp-content\/uploads\/2022\/12\/k-AdobeStock_43993397_dziewul_Primosten-350x233.jpeg 350w, https:\/\/www.1a-yachtcharter.de\/blog\/wp-content\/uploads\/2022\/12\/k-AdobeStock_43993397_dziewul_Primosten.jpeg 1980w\" sizes=\"(max-width: 680px) 100vw, 680px\" \/><p id=\"caption-attachment-11549\" class=\"wp-caption-text\">Primosten mit seiner Altstadt auf der vorgelagerten Insel.<\/p><\/div>\n<p>&nbsp;<\/p>\n<h3><span style=\"font-weight: 400;\">Tag 7: Bucht Stari Trogir &#8211; Ka\u0161tela &#8211; Split<\/span><\/h3>\n<p><span style=\"font-weight: 400;\">Wir w\u00e4hlten die Bucht, da das Wasser auf Google sch\u00f6n und klar aussah. Daher nutzten wir den Vormittag des n\u00e4chsten Tages f\u00fcrs Stand-Up-Paddeling, zum Schwimmen und Schnorcheln. Da der Grund hier jedoch sandiger war, sah man dementsprechend nicht viel Unterwasserleben. Gegen Mittag ging es dann zur\u00fcck nach Ka\u0161tela. Auf dem Weg konnten wir noch die Performance der Yacht austesten. Bei richtig gutem Wind mit einer Spitze von 11,5 Knoten gab es noch eine kleine Regatta zwischen mehreren Yachten, an denen unsere Yacht mit ihrer Ausstattung vorbeizog. So konnten wir uns kurz vor Ende des T\u00f6rns auch noch \u00fcber einen kleinen sportlichen Sieg freuen. W\u00e4hrend zwei der Crew noch die letzte Nacht auf dem Boot in der Marina Ka\u0161tela verbrachten, fuhren wir anderen noch nach Split f\u00fcr einen kleinen City-Trip zum Abschluss.&nbsp;<\/span><\/p>\n<h4><span style=\"font-weight: 400;\">Mehr \u00fcber Marc Offenbacher und seine Reisen erfahren Sie auf:<\/span><\/h4>\n<p><span style=\"font-weight: 400;\">Webseite: <a href=\"https:\/\/www.marcoffenbacher.com\/\" target=\"_blank\" rel=\"noopener\">https:\/\/www.marcoffenbacher.com\/<\/a><br \/>\n<\/span><span style=\"font-weight: 400;\">Instagram: <a href=\"https:\/\/www.instagram.com\/marc_offenbacher\/\" target=\"_blank\" rel=\"noopener\">https:\/\/www.instagram.com\/marc_offenbacher\/<\/a><br \/>\n<\/span><span style=\"font-weight: 400;\">Facebook: <a href=\"https:\/\/www.facebook.com\/marcoffenbacherphoto\/\">https:\/\/www.facebook.com\/marcoffenbacherphoto\/<\/a><\/span><\/p>\n<p>&nbsp;<\/p>\n<p>Bildnachweis:<br \/>\nCrewbild: Marc Offenbacher<br \/>\nRogoznica: aerocainua\/AdobeStock<br \/>\n<span style=\"font-weight: 400;\">\u0160ibenik: <\/span>Dario Bajurin\/AdobeStock<br \/>\nKornaten: xbrchx\/AdobeStock<br \/>\n<span style=\"font-weight: 400;\">Tela\u0161\u0107ica:<\/span> Mislav\/AdobeStock<br \/>\nPrimosten: xbrchx\/AdobeStock<\/p>\n<div class=\"remoji_bar\"><div class=\"remoji_add_container\" data-remoji-id=\"11490\" data-remoji-type=\"post\"><div class=\"remoji_add_icon\"><\/div><\/div><div class=\"remoji_error_bar\" data-remoji-id=\"11490\" data-remoji-type=\"post\" style=\"display: none;\">Error happened.<\/div><\/div>","protected":false},"excerpt":{"rendered":"<p>Vor 20 Jahren hat Marc Offenbacher das Segeln f\u00fcr sich entdeckt. Doch das ist nicht die einzige Sportart, in der er zu Hause ist. Auch beim Paragliding, Skitourengehen oder Skydiving erkundet er die Welt aus anderen Perspektiven und f\u00e4ngt diese als Fotograf ein. Dieses Jahr ging er mit 1a Yachtcharter und 7 Freunden auf einen Wochent\u00f6rn nach Kroatien: Da die Crew aus f\u00fcnf St\u00e4dten zusammenkam, haben wir uns als Startpunkt die Marina Ka\u0161tela nahe Split ausgesucht. Den Flughafen Split kann man von verschiedenen deutschen St\u00e4dten gut erreichen und die Marina liegt nur knapp 20 Autominuten entfernt. F\u00fcr acht Leute haben<\/p>\n","protected":false},"author":18,"featured_media":11525,"comment_status":"open","ping_status":"open","sticky":false,"template":"","format":"standard","meta":{"_monsterinsights_skip_tracking":false,"_monsterinsights_sitenote_active":false,"_monsterinsights_sitenote_note":"","_monsterinsights_sitenote_category":0,"ngg_post_thumbnail":0,"footnotes":""},"categories":[1053],"tags":[1057,3272,62,2995,2994,3252,3282,3197,64,2997,3281],"class_list":["post-11490","post","type-post","status-publish","format-standard","has-post-thumbnail","hentry","category-reisen","tag-featured","tag-kastela","tag-kroatien","tag-mitteldalmatien","tag-norddalmatien","tag-primosten","tag-rogoznica","tag-sibenik","tag-split","tag-trogir","tag-vodice"],"aioseo_notices":[],"_links":{"self":[{"href":"https:\/\/www.1a-yachtcharter.de\/blog\/wp-json\/wp\/v2\/posts\/11490","targetHints":{"allow":["GET"]}}],"collection":[{"href":"https:\/\/www.1a-yachtcharter.de\/blog\/wp-json\/wp\/v2\/posts"}],"about":[{"href":"https:\/\/www.1a-yachtcharter.de\/blog\/wp-json\/wp\/v2\/types\/post"}],"author":[{"embeddable":true,"href":"https:\/\/www.1a-yachtcharter.de\/blog\/wp-json\/wp\/v2\/users\/18"}],"replies":[{"embeddable":true,"href":"https:\/\/www.1a-yachtcharter.de\/blog\/wp-json\/wp\/v2\/comments?post=11490"}],"version-history":[{"count":25,"href":"https:\/\/www.1a-yachtcharter.de\/blog\/wp-json\/wp\/v2\/posts\/11490\/revisions"}],"predecessor-version":[{"id":12407,"href":"https:\/\/www.1a-yachtcharter.de\/blog\/wp-json\/wp\/v2\/posts\/11490\/revisions\/12407"}],"wp:featuredmedia":[{"embeddable":true,"href":"https:\/\/www.1a-yachtcharter.de\/blog\/wp-json\/wp\/v2\/media\/11525"}],"wp:attachment":[{"href":"https:\/\/www.1a-yachtcharter.de\/blog\/wp-json\/wp\/v2\/media?parent=11490"}],"wp:term":[{"taxonomy":"category","embeddable":true,"href":"https:\/\/www.1a-yachtcharter.de\/blog\/wp-json\/wp\/v2\/categories?post=11490"},{"taxonomy":"post_tag","embeddable":true,"href":"https:\/\/www.1a-yachtcharter.de\/blog\/wp-json\/wp\/v2\/tags?post=11490"}],"curies":[{"name":"wp","href":"https:\/\/api.w.org\/{rel}","templated":true}]}}