{"id":12620,"date":"2024-05-30T14:15:03","date_gmt":"2024-05-30T12:15:03","guid":{"rendered":"https:\/\/www.1a-yachtcharter.de\/blog\/?p=12620"},"modified":"2024-07-18T10:27:04","modified_gmt":"2024-07-18T08:27:04","slug":"kroatische-inseln-hvar-insel-der-sonne","status":"publish","type":"post","link":"https:\/\/www.1a-yachtcharter.de\/blog\/kroatische-inseln-hvar-insel-der-sonne\/","title":{"rendered":"Kroatische Inseln: Hvar \u2013 Insel der Sonne"},"content":{"rendered":"<p>Die viertgr\u00f6\u00dfte Insel der kroatischen Adria, Hvar, ist zwar eine beliebte Ausflugsinsel und damit w\u00e4hrend der Saison viel besucht, mit mehr als 2700 Sonnenstunden im Jahr ist sie aber auch f\u00fcr die Nebensaison interessant. Das Magazin Forbes w\u00e4hlte die Insel zu einem &#8222;Must Visit&#8220; f\u00fcr 2024 und sie wurde in der Vergangenheit zu einer der zehn sch\u00f6nsten Inseln der Welt gew\u00e4hlt. Bis in den Oktober hinein ist die Wassertemperatur von 20 Grad ideal zum Baden und rund um die Insel erwarten Sie viele Buchten zum Erkunden und klares, t\u00fcrkisfarbenes Meer. In den Buchten kann geankert oder an Bojenfeldern angelegt werden, die teilweise zu Restaurants geh\u00f6ren. Bei Liegepl\u00e4tzen in den St\u00e4dten ist es empfehlenswert, vorher zu reservieren.&nbsp;<\/p>\n<h3>Insel f\u00fcr die Sinne<\/h3>\n<p>Mit den meisten Sonnenstunden in der Adria ist die Insel Hvar nicht nur ein perfektes Ziel zum Sonnen. Das mediterrane Klima beg\u00fcnstigt das Wachstum von Lavendel, Rosmarin, Salbei, Weinreben, Olivenb\u00e4umen, Agaven, Zypressen sowie Orangen- und Zitronenb\u00e4umen, die sich in den lokalen Produkten wiederfinden, wie etwa \u00d6le aus Lavendel und Rosmarin. Die Lavendelfelder erbl\u00fchen im Juni, Juli und lassen die Umgebung von Jelsa und Brusje, in denen sie haupts\u00e4chlich zu finden sind, herrlich duften und in Lila erstrahlen. Hvar ist die Provence Kroatiens. Wer eher auf Fotos, Infos zu Ernte und Verarbeitung sowie auf Souvenirs aus ist, findet auf einer Lavendelfarm sein Gl\u00fcck. Naturbelassene Felder liegen dagegen nahe Brusje, die sich gut auf einer Radtour genie\u00dfen lassen, mit sch\u00f6nem Ausblick inklusive.&nbsp;<\/p>\n<p>Die Insel blickt auf eine lange Besiedlung zur\u00fcck. 384 v. Chr. gr\u00fcndeten die Griechen in der heutigen Bucht Stari Grad die Kolonie Pharos, \u00fcbersetzt Leuchtturm. Nach ihnen fiel die Insel \u00fcber die Jahrhunderte unter anderem an die R\u00f6mer, Byzantiner, Venetianer, Ungarn und Italiener, deren Spuren man heute noch in vielen Kunst- und Architekturdenkm\u00e4lern entdecken kann.&nbsp;&nbsp;<\/p>\n<div id=\"attachment_12631\" style=\"width: 690px\" class=\"wp-caption aligncenter\"><a href=\"https:\/\/www.1a-yachtcharter.de\/blog\/wp-content\/uploads\/2024\/05\/AdobeStock_278241659_Rostislav-Sedlacek_Hvar.jpeg\"><img decoding=\"async\" aria-describedby=\"caption-attachment-12631\" class=\"wp-image-12631 size-large\" src=\"https:\/\/www.1a-yachtcharter.de\/blog\/wp-content\/uploads\/2024\/05\/AdobeStock_278241659_Rostislav-Sedlacek_Hvar-1024x663.jpeg\" alt=\"\" width=\"680\" height=\"440\" srcset=\"https:\/\/www.1a-yachtcharter.de\/blog\/wp-content\/uploads\/2024\/05\/AdobeStock_278241659_Rostislav-Sedlacek_Hvar-1024x663.jpeg 1024w, https:\/\/www.1a-yachtcharter.de\/blog\/wp-content\/uploads\/2024\/05\/AdobeStock_278241659_Rostislav-Sedlacek_Hvar-300x194.jpeg 300w, https:\/\/www.1a-yachtcharter.de\/blog\/wp-content\/uploads\/2024\/05\/AdobeStock_278241659_Rostislav-Sedlacek_Hvar-768x497.jpeg 768w, https:\/\/www.1a-yachtcharter.de\/blog\/wp-content\/uploads\/2024\/05\/AdobeStock_278241659_Rostislav-Sedlacek_Hvar-1536x994.jpeg 1536w, https:\/\/www.1a-yachtcharter.de\/blog\/wp-content\/uploads\/2024\/05\/AdobeStock_278241659_Rostislav-Sedlacek_Hvar-400x259.jpeg 400w, https:\/\/www.1a-yachtcharter.de\/blog\/wp-content\/uploads\/2024\/05\/AdobeStock_278241659_Rostislav-Sedlacek_Hvar-350x227.jpeg 350w, https:\/\/www.1a-yachtcharter.de\/blog\/wp-content\/uploads\/2024\/05\/AdobeStock_278241659_Rostislav-Sedlacek_Hvar.jpeg 1920w\" sizes=\"(max-width: 680px) 100vw, 680px\" \/><\/a><p id=\"caption-attachment-12631\" class=\"wp-caption-text\">Im Juni, Juli erf\u00fcllt der Duft von Lavendel die Insel, den man auf Wanderungen und Radtouren am besten erleben kann.<\/p><\/div>\n<p style=\"text-align: center;\"><a class=\"g7-btn blue large\" href=\"https:\/\/www.1a-yachtcharter.de\/yachtsuche\/?s=567.537\" target=\"_blank\">Zur Yachtsuche Mitteldalmatien<\/a>\n<p>&nbsp;<\/p>\n<h3>Inselhopping vor der S\u00fcdk\u00fcste: Die sch\u00f6nen Paklinski-Inseln und \u0160\u0107edro<\/h3>\n<p>Auch wenn die <strong>Paklinski-Inseln<\/strong> \u00fcbersetzt H\u00f6lleninseln hei\u00dfen, sind sie eher das Gegenteil. Sie wurden nach einem Kiefernharz benannt, das die Bewohner in verarbeiteter Form im Schiffsbau verwendeten. Um und zwischen den Inseln finden sich viele kleine Buchten. Die bekanntesten Inseln sind Sveti Klement, Marinkovac und Jerolim, die allesamt sehr begr\u00fcnt sind. Eine der beliebtesten Buchten ist Vinogradi\u0161\u0107e, in der es auch einen Strand mit Restaurant und Bar gibt. Die lange, enge Bucht bietet einen guten Schutz vor Wind und Wellen. Zum Festmachen steht ein Bojenfeld zur Verf\u00fcgung. Buchten zum Ankern sind zum Beispiel Soline und Marinkovac.<\/p>\n<p>Weniger bekannt als die Paklinski-Inseln ist die kleine Insel <strong>\u0160\u0107edro<\/strong>, knapp 3 km s\u00fcdlich von Hvar. Sie ist nahezu unbewohnt und ein Naturpark, was zu einer Wanderung \u00fcber die etwa 8 qkm gro\u00dfe Insel einl\u00e4dt. Rund um die Insel finden sich viele kleine Buchten. W\u00e4hrend der Urlaubssaison hat in den beiden n\u00f6rdlichen Buchten Lovi\u0161\u0107e und Mostir jeweils ein Restaurant ge\u00f6ffnet. Dort kann man an kostenpflichtigen Bojenfeldern festmachen. In Mostir befindet sich auch die Ruine eines Dominikanerklosters aus dem 15. Jhr. sowie mehrere H\u00fcgelgr\u00e4ber, die man besichtigen kann. F\u00fcr etwas G\u00e4nsehaut-Feeling sorgt ein Besuch der kleinen verlassenen Geisterstadt Nastane.&nbsp;<\/p>\n<p>Auf dem Weg rund um Hvar kommt man im S\u00fcden an der sch\u00f6nen Bucht Mrtinovik vorbei. Hier kann man Ankern oder die Bojen vom Restaurant verwenden und sich st\u00e4rken.&nbsp;&nbsp;<\/p>\n<div id=\"attachment_12633\" style=\"width: 1034px\" class=\"wp-caption aligncenter\"><a href=\"https:\/\/www.1a-yachtcharter.de\/blog\/wp-content\/uploads\/2024\/05\/k-AdobeStock_362358000_AlenAjan.jpeg\"><img decoding=\"async\" aria-describedby=\"caption-attachment-12633\" class=\"wp-image-12633 size-full\" src=\"https:\/\/www.1a-yachtcharter.de\/blog\/wp-content\/uploads\/2024\/05\/k-AdobeStock_362358000_AlenAjan.jpeg\" alt=\"\" width=\"1024\" height=\"682\" srcset=\"https:\/\/www.1a-yachtcharter.de\/blog\/wp-content\/uploads\/2024\/05\/k-AdobeStock_362358000_AlenAjan.jpeg 1024w, https:\/\/www.1a-yachtcharter.de\/blog\/wp-content\/uploads\/2024\/05\/k-AdobeStock_362358000_AlenAjan-300x200.jpeg 300w, https:\/\/www.1a-yachtcharter.de\/blog\/wp-content\/uploads\/2024\/05\/k-AdobeStock_362358000_AlenAjan-768x512.jpeg 768w, https:\/\/www.1a-yachtcharter.de\/blog\/wp-content\/uploads\/2024\/05\/k-AdobeStock_362358000_AlenAjan-140x94.jpeg 140w, https:\/\/www.1a-yachtcharter.de\/blog\/wp-content\/uploads\/2024\/05\/k-AdobeStock_362358000_AlenAjan-400x266.jpeg 400w, https:\/\/www.1a-yachtcharter.de\/blog\/wp-content\/uploads\/2024\/05\/k-AdobeStock_362358000_AlenAjan-350x233.jpeg 350w\" sizes=\"(max-width: 1024px) 100vw, 1024px\" \/><\/a><p id=\"caption-attachment-12633\" class=\"wp-caption-text\">Die Paklinski-Inseln laden zu Badeausfl\u00fcgen und Spazierg\u00e4ngen ein.<\/p><\/div>\n<h3>Der Norden: Jelsa und Stari Grad<\/h3>\n<p>Im Norden l\u00e4sst sich zum Beispiel in der Bucht <strong>Pokrivenik<\/strong> ankern, die mehrere kleine Badebuchten umfasst. Hier gibt es einen Kiesstrand mit Restaurant und man liegt umgeben von begr\u00fcnten Klippen. Die Kleinstinsel <strong>Ze\u010devo<\/strong> l\u00e4dt ebenfalls in ihrer s\u00fcdlichen Bucht zum Ankern und Baden ein.&nbsp;<\/p>\n<p>An der Nordseite liegen au\u00dferdem die St\u00e4dte Stari Grad und Jelsa. <strong>Jelsa<\/strong> bietet trotz gerade einmal 1500 Einwohnern ein vielf\u00e4ltiges Angebot an Restaurants, Konobas, Bars und einem Club. Der Ort ist gepr\u00e4gt von sch\u00f6nen Steinh\u00e4usern, die typisch f\u00fcr Dalmatien sind. Zentraler Platz ist der Pjaca nahe der Kirche Hl. Maria Himmelfahrt aus dem 13. Jhr.<\/p>\n<p><strong>Stari Grad<\/strong>, nach Hvar die zweitgr\u00f6\u00dfte Stadt der Insel, liegt umgeben von Kiefernw\u00e4ldern in einer tiefen Bucht und ist eine der \u00e4ltesten St\u00e4dte Kroatiens. Dazu passt auch ihr Name, der \u00fcbersetzt &#8222;Alte Stadt&#8220; bedeutet. Nicht nur ihre Altstadt nahe dem Hafen z\u00e4hlt zum UNESCO-Weltkulturerbe, sondern auch das Umland aufgrund seiner besonderen Bewirtschaftungsform in kleinen Parzellen, die von den Griechen eingef\u00fchrt wurde. Auf einer Fahrradtour oder mit dem Motorroller l\u00e4sst sich diese traditionelle Kulturlandschaft gut erkunden. In der Stadt selbst spaziert man durch schmale Gassen, entlang von dalmatinischen Steinh\u00e4usern, als besonders sch\u00f6n gilt der Platz Trg Skor. Zur Geschichte k\u00f6nnen Sie im Stadtmuseum mehr erfahren. Hier liegt auch das Schloss Tvrdalj des Dichters Petar Hektorovic mit seinem malerischen Garten.&nbsp;<\/p>\n<div id=\"attachment_12635\" style=\"width: 1034px\" class=\"wp-caption aligncenter\"><a href=\"https:\/\/www.1a-yachtcharter.de\/blog\/wp-content\/uploads\/2024\/05\/k-AdobeStock_432719785_janoka82.jpeg\"><img decoding=\"async\" aria-describedby=\"caption-attachment-12635\" class=\"wp-image-12635 size-full\" src=\"https:\/\/www.1a-yachtcharter.de\/blog\/wp-content\/uploads\/2024\/05\/k-AdobeStock_432719785_janoka82.jpeg\" alt=\"\" width=\"1024\" height=\"682\" srcset=\"https:\/\/www.1a-yachtcharter.de\/blog\/wp-content\/uploads\/2024\/05\/k-AdobeStock_432719785_janoka82.jpeg 1024w, https:\/\/www.1a-yachtcharter.de\/blog\/wp-content\/uploads\/2024\/05\/k-AdobeStock_432719785_janoka82-300x200.jpeg 300w, https:\/\/www.1a-yachtcharter.de\/blog\/wp-content\/uploads\/2024\/05\/k-AdobeStock_432719785_janoka82-768x512.jpeg 768w, https:\/\/www.1a-yachtcharter.de\/blog\/wp-content\/uploads\/2024\/05\/k-AdobeStock_432719785_janoka82-140x94.jpeg 140w, https:\/\/www.1a-yachtcharter.de\/blog\/wp-content\/uploads\/2024\/05\/k-AdobeStock_432719785_janoka82-400x266.jpeg 400w, https:\/\/www.1a-yachtcharter.de\/blog\/wp-content\/uploads\/2024\/05\/k-AdobeStock_432719785_janoka82-350x233.jpeg 350w\" sizes=\"(max-width: 1024px) 100vw, 1024px\" \/><\/a><p id=\"caption-attachment-12635\" class=\"wp-caption-text\">Das kleine St\u00e4dtchen Jelsa an der Nordk\u00fcste von Hvar.<\/p><\/div>\n<p style=\"text-align: center;\"><a class=\"g7-btn blue large\" href=\"https:\/\/www.1a-yachtcharter.de\/yachtsuche\/?s=567.537\" target=\"_blank\">Zur Yachtsuche Mitteldalmatien<\/a>\n<p>Bei Interesse an einem unverbindlichen Angebot oder Fragen zu einer Yachtcharter in Mitteldalmatien kontaktieren Sie uns unter <a href=\"mailto:info@1a-yachtcharter.de\">info@1a-yachtcharter.de<\/a>&nbsp;oder per Telefon unter&nbsp;<a href=\"tel:+4957413222690\">+49 5741 3222690<\/a>.<\/p>\n<p>Bildnachweis: Alle Bilder von AdobeStock<\/p>\n<div class=\"remoji_bar\"><div class=\"remoji_add_container\" data-remoji-id=\"12620\" data-remoji-type=\"post\"><div class=\"remoji_add_icon\"><\/div><\/div><div class=\"remoji_error_bar\" data-remoji-id=\"12620\" data-remoji-type=\"post\" style=\"display: none;\">Error happened.<\/div><\/div>","protected":false},"excerpt":{"rendered":"<p>Die viertgr\u00f6\u00dfte Insel der kroatischen Adria, Hvar, ist zwar eine beliebte Ausflugsinsel und damit w\u00e4hrend der Saison viel besucht, mit mehr als 2700 Sonnenstunden im Jahr ist sie aber auch f\u00fcr die Nebensaison interessant. Das Magazin Forbes w\u00e4hlte die Insel zu einem &#8222;Must Visit&#8220; f\u00fcr 2024 und sie wurde in der Vergangenheit zu einer der zehn sch\u00f6nsten Inseln der Welt gew\u00e4hlt. Bis in den Oktober hinein ist die Wassertemperatur von 20 Grad ideal zum Baden und rund um die Insel erwarten Sie viele Buchten zum Erkunden und klares, t\u00fcrkisfarbenes Meer. In den Buchten kann geankert oder an Bojenfeldern angelegt werden,<\/p>\n","protected":false},"author":18,"featured_media":12630,"comment_status":"open","ping_status":"open","sticky":false,"template":"","format":"standard","meta":{"_monsterinsights_skip_tracking":false,"_monsterinsights_sitenote_active":false,"_monsterinsights_sitenote_note":"","_monsterinsights_sitenote_category":0,"ngg_post_thumbnail":0,"footnotes":""},"categories":[1053],"tags":[1057,3395,62,2995,3282,64,2997],"class_list":["post-12620","post","type-post","status-publish","format-standard","has-post-thumbnail","hentry","category-reisen","tag-featured","tag-hvar","tag-kroatien","tag-mitteldalmatien","tag-rogoznica","tag-split","tag-trogir"],"aioseo_notices":[],"_links":{"self":[{"href":"https:\/\/www.1a-yachtcharter.de\/blog\/wp-json\/wp\/v2\/posts\/12620","targetHints":{"allow":["GET"]}}],"collection":[{"href":"https:\/\/www.1a-yachtcharter.de\/blog\/wp-json\/wp\/v2\/posts"}],"about":[{"href":"https:\/\/www.1a-yachtcharter.de\/blog\/wp-json\/wp\/v2\/types\/post"}],"author":[{"embeddable":true,"href":"https:\/\/www.1a-yachtcharter.de\/blog\/wp-json\/wp\/v2\/users\/18"}],"replies":[{"embeddable":true,"href":"https:\/\/www.1a-yachtcharter.de\/blog\/wp-json\/wp\/v2\/comments?post=12620"}],"version-history":[{"count":20,"href":"https:\/\/www.1a-yachtcharter.de\/blog\/wp-json\/wp\/v2\/posts\/12620\/revisions"}],"predecessor-version":[{"id":12646,"href":"https:\/\/www.1a-yachtcharter.de\/blog\/wp-json\/wp\/v2\/posts\/12620\/revisions\/12646"}],"wp:featuredmedia":[{"embeddable":true,"href":"https:\/\/www.1a-yachtcharter.de\/blog\/wp-json\/wp\/v2\/media\/12630"}],"wp:attachment":[{"href":"https:\/\/www.1a-yachtcharter.de\/blog\/wp-json\/wp\/v2\/media?parent=12620"}],"wp:term":[{"taxonomy":"category","embeddable":true,"href":"https:\/\/www.1a-yachtcharter.de\/blog\/wp-json\/wp\/v2\/categories?post=12620"},{"taxonomy":"post_tag","embeddable":true,"href":"https:\/\/www.1a-yachtcharter.de\/blog\/wp-json\/wp\/v2\/tags?post=12620"}],"curies":[{"name":"wp","href":"https:\/\/api.w.org\/{rel}","templated":true}]}}