{"id":13740,"date":"2025-11-22T08:01:11","date_gmt":"2025-11-22T06:01:11","guid":{"rendered":"https:\/\/www.1a-yachtcharter.de\/blog\/?p=13740"},"modified":"2025-11-22T08:02:58","modified_gmt":"2025-11-22T06:02:58","slug":"pula-limski-fjord-porec","status":"publish","type":"post","link":"https:\/\/www.1a-yachtcharter.de\/blog\/pula-limski-fjord-porec\/","title":{"rendered":"T\u00f6rnbericht Istrien: Von Pula nach Pore\u010d"},"content":{"rendered":"<i class=\"fas fa-user\"><\/i> Wer: Nico Lange und Crewmitglied<br \/>\n<i class=\"fas fa-users\"><\/i> Crewgr\u00f6\u00dfe: 2 Personen<br \/>\n<i class=\"fas fa-calendar\"><\/i> Wann: 1 Woche vom 13.09. bis 20.09.25&nbsp;<br \/>\n<i class=\"fas fa-flag\"><\/i>&nbsp; Route: Pula \u2013 Uvala Porti\u0107 \u2013 Fort Punta (Pula) \u2013 Limski-Fjord \u2013 Pore\u010d \u2013 Uvala Porti\u0107 \u2013 Pula<br \/>\n<i class=\"fas fa-database\"><\/i> Level: Buchtenhopping (leicht bis mittel)<br \/>\n<i class=\"fas fa-quote-right\"><\/i> Segelstil: Entspannung&nbsp;<br \/>\n<i class=\"fas fa-cloud-sun\"><\/i> Wetter: \u00dcberwiegend sonnig mit keinen bis mittelstarken Winden<\/p>\n<h4 data-start=\"80\" data-end=\"92\">Vorwort<\/h4>\n<p data-start=\"94\" data-end=\"665\">Nach vielen Segelreisen mit gr\u00f6\u00dferen Crews wollte ich dieses Mal etwas anderes ausprobieren. Eine Woche zu zweit auf einer Elan 40.1 ab Pula. Das Revier in Istrien kenne ich lediglich von Landurlauben. Deshalb war es ein Muss, die Region auch vom Wasser aus zu erleben. Der September schien mir die perfekte Zeit daf\u00fcr: ruhiger, weniger Trubel, aber immer noch angenehm warm. Meine Begleitung war zum ersten Mal auf einem Segelboot, was der Woche eine ganz eigene Dynamik verlieh \u2013 zwischen Einf\u00fchrung in die Bordroutine, entspannten Momenten auf dem Wasser und dem gemeinsamen Entdecken der K\u00fcste.<\/p>\n<h4 data-start=\"104\" data-end=\"146\">12. September \u2013 Anreise nach Rovinj<\/h4>\n<p data-start=\"148\" data-end=\"408\">In den fr\u00fchen Morgenstunden starteten wir in Dresden. Die Route f\u00fchrte \u00fcber \u00d6sterreich und Slowenien bis an die kroatische K\u00fcste. Nach rund zehn Stunden Fahrt erreichten wir Rovinj gegen 14:00 Uhr. Hier wollten wir eine Nacht verbringen, bevor es am n\u00e4chsten Tag weiter nach Pula ging.<\/p>\n<p data-start=\"410\" data-end=\"735\">Das Hotel <em><a href=\"https:\/\/www.google.com\/maps\/place\/Maistra+Select+Island+Hotel+Katarina\/@45.0780303,13.6302782,1860m\/data=!3m1!1e3!4m9!3m8!1s0x477cc08670188ce7:0x3a499b8b0452e2ea!5m2!4m1!1i2!8m2!3d45.0778045!4d13.6296606!16s%2Fg%2F1tdh78v1?entry=ttu&amp;g_ep=EgoyMDI1MTEwNC4xIKXMDSoASAFQAw%3D%3D\" target=\"_blank\" rel=\"noopener\">Maistra Select<\/a><\/em> liegt auf einer kleinen vorgelagerten Insel, die per kurzer F\u00e4hrfahrt <a href=\"https:\/\/www.google.com\/maps\/place\/Dolphin+Dock+Station\/@45.0774354,13.6355362,738m\/data=!3m1!1e3!4m6!3m5!1s0x477cc09ad4fa7ce9:0xb68b82b16c601da7!8m2!3d45.0776244!4d13.6371325!16s%2Fg%2F11g6rd6tpq?entry=ttu&amp;g_ep=EgoyMDI1MTEwNC4xIKXMDSoASAFQAw%3D%3D\" target=\"_blank\" rel=\"noopener\">vom Hafen<\/a> aus erreichbar ist. Der Transfer war gut organisiert: Am Anleger kurz das Gep\u00e4ck abladen, das Auto auf dem Festland parken und direkt mit einem Boot zur Insel. Das Zimmer war schlicht, aber der Blick auf die Altstadt entsch\u00e4digte f\u00fcr alles.<\/p>\n<p data-start=\"737\" data-end=\"1010\">Am Abend genossen wir die Ruhe auf der Insel, nahmen noch ein Getr\u00e4nk auf&nbsp; der Terrasse und beobachteten die Bucht. Nach der langen Fahrt war dies ein idealer Einstieg in die Urlaubswoche.<\/p>\n<p data-start=\"737\" data-end=\"1010\"><img decoding=\"async\" class=\"alignnone size-full wp-image-13751\" src=\"https:\/\/www.1a-yachtcharter.de\/blog\/wp-content\/uploads\/2025\/11\/02_Blick_vom_Hotel-scaled.jpeg\" alt=\"\" width=\"1920\" height=\"2560\" srcset=\"https:\/\/www.1a-yachtcharter.de\/blog\/wp-content\/uploads\/2025\/11\/02_Blick_vom_Hotel-scaled.jpeg 1920w, https:\/\/www.1a-yachtcharter.de\/blog\/wp-content\/uploads\/2025\/11\/02_Blick_vom_Hotel-225x300.jpeg 225w, https:\/\/www.1a-yachtcharter.de\/blog\/wp-content\/uploads\/2025\/11\/02_Blick_vom_Hotel-768x1024.jpeg 768w, https:\/\/www.1a-yachtcharter.de\/blog\/wp-content\/uploads\/2025\/11\/02_Blick_vom_Hotel-1152x1536.jpeg 1152w, https:\/\/www.1a-yachtcharter.de\/blog\/wp-content\/uploads\/2025\/11\/02_Blick_vom_Hotel-1536x2048.jpeg 1536w, https:\/\/www.1a-yachtcharter.de\/blog\/wp-content\/uploads\/2025\/11\/02_Blick_vom_Hotel-300x400.jpeg 300w, https:\/\/www.1a-yachtcharter.de\/blog\/wp-content\/uploads\/2025\/11\/02_Blick_vom_Hotel-263x350.jpeg 263w\" sizes=\"(max-width: 1920px) 100vw, 1920px\" \/><\/p>\n<h4 data-start=\"1008\" data-end=\"1075\">13. September \u2013 Stadtrundgang in Rovinj und Check-in in <a href=\"https:\/\/www.1a-yachtcharter.de\/charterziele\/kroatien\/pula\/l-6\" target=\"_blank\" rel=\"noopener\">Pula<\/a><\/h4>\n<p data-start=\"1077\" data-end=\"1400\">Nach dem Fr\u00fchst\u00fcck checkten wir aus und nutzten den Vormittag f\u00fcr einen Stadtrundgang durch Rovinj. Ohne den Trubel der Hauptsaison zeigte sich die Altstadt von ihrer sch\u00f6nsten Seite. Enge Gassen, kleine Boutiquen, Caf\u00e9s und der Blick vom Kirchturm hinunter auf das Meer machten den Spaziergang zu einem echten Highlight. Zum Mittagessen kehrten wir im Restaurant <em><a href=\"https:\/\/www.google.com\/maps\/place\/Puntulina+Restaurant,+Rovinj\/@45.0823072,13.6303169,622m\/data=!3m2!1e3!4b1!4m6!3m5!1s0x477cc081438420b1:0x4e9ccefd0286a2e1!8m2!3d45.0823072!4d13.6303169!16s%2Fg%2F1hdzll2rp?entry=ttu&amp;g_ep=EgoyMDI1MTExNy4wIKXMDSoASAFQAw%3D%3D\" target=\"_blank\" rel=\"noopener\">Puntulina <\/a><\/em>ein. Das Restaurant war wirklich sch\u00f6n und wir haben lecker gegessen.<\/p>\n<p data-start=\"1402\" data-end=\"1731\">Nach der St\u00e4rkung fuhren wir weiter nach Pula. Die Marina Veruda war leicht zu finden, und der Empfang beim Vercharterer verlief freundlich und unkompliziert. Die Elan 40.1 machte einen hervorragenden Eindruck gepflegt, modern und f\u00fcr zwei Personen sehr gro\u00dfz\u00fcgig. Der Check-in erfolgte auf Schwyzerd\u00fctsch, was mich positiv \u00fcberraschte und die Abwicklung sehr erleichterte.<\/p>\n<p data-start=\"1733\" data-end=\"1985\">Wir entschieden uns bewusst, die Marina an diesem Tag nicht mehr zu verlassen. Stattdessen richteten wir uns in Ruhe ein, erkundeten jedes Fach, pr\u00fcften die Ausr\u00fcstung und machten uns mit der Technik vertraut. Auch die Sicherheitseinweisung und das Durchgehen der wichtigsten Bordabl\u00e4ufe standen noch auf dem Programm. Danach gingen wir zum Supermarkt, um den Gro\u00dfeinkauf f\u00fcr die Woche zu erledigen. Am Abend sa\u00dfen wir entspannt im Cockpit, genossen den ersten Sonnenuntergang im Hafen und freuten uns auf die bevorstehende Woche auf See.<\/p>\n<p data-start=\"1733\" data-end=\"1985\"><img decoding=\"async\" class=\"alignnone wp-image-13753 size-full\" src=\"https:\/\/www.1a-yachtcharter.de\/blog\/wp-content\/uploads\/2025\/11\/04_Rovinj_erkunden_02-scaled.jpeg\" alt=\"\" width=\"1920\" height=\"2560\" srcset=\"https:\/\/www.1a-yachtcharter.de\/blog\/wp-content\/uploads\/2025\/11\/04_Rovinj_erkunden_02-scaled.jpeg 1920w, https:\/\/www.1a-yachtcharter.de\/blog\/wp-content\/uploads\/2025\/11\/04_Rovinj_erkunden_02-225x300.jpeg 225w, https:\/\/www.1a-yachtcharter.de\/blog\/wp-content\/uploads\/2025\/11\/04_Rovinj_erkunden_02-768x1024.jpeg 768w, https:\/\/www.1a-yachtcharter.de\/blog\/wp-content\/uploads\/2025\/11\/04_Rovinj_erkunden_02-1152x1536.jpeg 1152w, https:\/\/www.1a-yachtcharter.de\/blog\/wp-content\/uploads\/2025\/11\/04_Rovinj_erkunden_02-1536x2048.jpeg 1536w, https:\/\/www.1a-yachtcharter.de\/blog\/wp-content\/uploads\/2025\/11\/04_Rovinj_erkunden_02-300x400.jpeg 300w, https:\/\/www.1a-yachtcharter.de\/blog\/wp-content\/uploads\/2025\/11\/04_Rovinj_erkunden_02-263x350.jpeg 263w\" sizes=\"(max-width: 1920px) 100vw, 1920px\" \/><\/p>\n<p data-start=\"1733\" data-end=\"1985\"><img decoding=\"async\" class=\"alignnone size-full wp-image-13755\" src=\"https:\/\/www.1a-yachtcharter.de\/blog\/wp-content\/uploads\/2025\/11\/06_Boot_einrichten-scaled.jpeg\" alt=\"\" width=\"1920\" height=\"2560\" srcset=\"https:\/\/www.1a-yachtcharter.de\/blog\/wp-content\/uploads\/2025\/11\/06_Boot_einrichten-scaled.jpeg 1920w, https:\/\/www.1a-yachtcharter.de\/blog\/wp-content\/uploads\/2025\/11\/06_Boot_einrichten-225x300.jpeg 225w, https:\/\/www.1a-yachtcharter.de\/blog\/wp-content\/uploads\/2025\/11\/06_Boot_einrichten-768x1024.jpeg 768w, https:\/\/www.1a-yachtcharter.de\/blog\/wp-content\/uploads\/2025\/11\/06_Boot_einrichten-1152x1536.jpeg 1152w, https:\/\/www.1a-yachtcharter.de\/blog\/wp-content\/uploads\/2025\/11\/06_Boot_einrichten-1536x2048.jpeg 1536w, https:\/\/www.1a-yachtcharter.de\/blog\/wp-content\/uploads\/2025\/11\/06_Boot_einrichten-300x400.jpeg 300w, https:\/\/www.1a-yachtcharter.de\/blog\/wp-content\/uploads\/2025\/11\/06_Boot_einrichten-263x350.jpeg 263w\" sizes=\"(max-width: 1920px) 100vw, 1920px\" \/><\/p>\n<h4 data-start=\"0\" data-end=\"70\">14. September \u2013 Erste Man\u00f6ver\u00fcbungen und Nacht vor Cap Kamenjak<\/h4>\n<p data-start=\"72\" data-end=\"539\">Am Morgen nahmen wir uns Zeit f\u00fcr ein ausf\u00fchrliches Fr\u00fchst\u00fcck an Bord, bevor es an die praktische Einf\u00fchrung ging. Da meine Begleitung zum ersten Mal auf einem Segelboot war, begann der Tag mit einer gr\u00fcndlichen Einweisung in die Bordtechnik. Vom Gasherd \u00fcber die Toilette hin zu den Winschen und Leinen erkl\u00e4rte ich Schritt f\u00fcr Schritt alles, was man f\u00fcr den Bordalltag ben\u00f6tigt.&nbsp;<\/p>\n<p data-start=\"541\" data-end=\"875\">Gegen Mittag liefen wir aus der Marina Veruda aus und steuerten unter Motor Richtung S\u00fcden. Bei Wind von drei bis vier Beaufort setzten wir zum ersten Mal die Segel. Es war ein idealer Tag, um Man\u00f6ver zu \u00fcben: Wenden, Kurs halten, Geschwindigkeit anpassen und das Zusammenspiel unserer kleinen Crew.<\/p>\n<p data-start=\"877\" data-end=\"1169\">Unser Ziel war die <a href=\"https:\/\/www.google.com\/maps\/place\/Portic+Bay+Anchorage\/@44.7879001,13.9181423,9699m\/data=!3m1!1e3!4m6!3m5!1s0x47632b0047cf90cd:0x9bf942bc2403da80!8m2!3d44.7770637!4d13.9173223!16s%2Fg%2F11w8pk3bky?entry=ttu&amp;g_ep=EgoyMDI1MTEwNC4xIKXMDSoASAFQAw%3D%3D\" target=\"_blank\" rel=\"noopener\">Uvala Porti\u0107<\/a> n\u00f6rdlich des Cap Kamenjak, ein klassisches erstes Etappenziel. Dort lagen bereits einige Yachten, doch wir fanden ohne M\u00fche einen guten Ankerplatz. Der Anker hielt sofort im Sandgrund, das Wasser war ruhig, und die Sonne stand noch warm am Himmel.<\/p>\n<p data-start=\"1171\" data-end=\"1378\">Am Abend genossen wir die Stille in der Bucht, kochten an Bord und lie\u00dfen den Tag mit einem Glas Wein ausklingen. Die See blieb spiegelglatt, und wir schliefen ruhig \u2013 ein gelungener Auftakt f\u00fcr die Woche.<\/p>\n<p data-start=\"1171\" data-end=\"1378\"><img decoding=\"async\" class=\"alignnone size-full wp-image-13758\" src=\"https:\/\/www.1a-yachtcharter.de\/blog\/wp-content\/uploads\/2025\/11\/09_Kap_Kamanjak_Abendstimmung-scaled.jpeg\" alt=\"\" width=\"1920\" height=\"2560\" srcset=\"https:\/\/www.1a-yachtcharter.de\/blog\/wp-content\/uploads\/2025\/11\/09_Kap_Kamanjak_Abendstimmung-scaled.jpeg 1920w, https:\/\/www.1a-yachtcharter.de\/blog\/wp-content\/uploads\/2025\/11\/09_Kap_Kamanjak_Abendstimmung-225x300.jpeg 225w, https:\/\/www.1a-yachtcharter.de\/blog\/wp-content\/uploads\/2025\/11\/09_Kap_Kamanjak_Abendstimmung-768x1024.jpeg 768w, https:\/\/www.1a-yachtcharter.de\/blog\/wp-content\/uploads\/2025\/11\/09_Kap_Kamanjak_Abendstimmung-1152x1536.jpeg 1152w, https:\/\/www.1a-yachtcharter.de\/blog\/wp-content\/uploads\/2025\/11\/09_Kap_Kamanjak_Abendstimmung-1536x2048.jpeg 1536w, https:\/\/www.1a-yachtcharter.de\/blog\/wp-content\/uploads\/2025\/11\/09_Kap_Kamanjak_Abendstimmung-300x400.jpeg 300w, https:\/\/www.1a-yachtcharter.de\/blog\/wp-content\/uploads\/2025\/11\/09_Kap_Kamanjak_Abendstimmung-263x350.jpeg 263w\" sizes=\"(max-width: 1920px) 100vw, 1920px\" \/><\/p>\n<h4 data-start=\"0\" data-end=\"70\">15. September \u2013 K\u00fcstensegeln Richtung Norden und Nacht bei Pula<\/h4>\n<p data-start=\"72\" data-end=\"414\">Nach einer ruhigen Nacht vor Anker starteten wir den Tag mit einem langen Fr\u00fchst\u00fcck an Deck. Die See war glatt, der Himmel klar, und der leichte Wind versprach einen entspannten Segeltag. Zun\u00e4chst wiederholten wir einige Man\u00f6ver vom Vortag, um die Abl\u00e4ufe weiter einzu\u00fcben. Danach setzten wir Kurs nach Norden, entlang der istrischen K\u00fcste.<\/p>\n<p data-start=\"416\" data-end=\"792\">Die Bedingungen waren ideal: Wind um drei bis vier Beaufort, kaum Welle, und so segelten wir entspannt mit Blick auf die K\u00fcste dahin. Am fr\u00fchen Nachmittag entschieden wir uns, in der Bucht <a href=\"https:\/\/www.google.com\/maps\/place\/%C5%A0tinjanska+Uvala\/@44.8918874,13.820067,7046m\/data=!3m1!1e3!4m6!3m5!1s0x477cd3bfebaae473:0x13c6963c77689b7d!8m2!3d44.8909945!4d13.8040853!16s%2Fg%2F11kl9njktb?entry=ttu&amp;g_ep=EgoyMDI1MTEwNC4xIKXMDSoASAFQAw%3D%3D\" target=\"_blank\" rel=\"noopener\">\u0160tinjanska Uvala<\/a> bei Pula zu ankern. Der Platz war auf den ersten Blick unscheinbar. Von einem alten Steinbruch und einigen Fischerbooten umgeben, erwies er sich als \u00fcberraschend ruhig.<\/p>\n<p data-start=\"794\" data-end=\"1149\">Der Anker fiel auf hellem Sandgrund vor der K\u00fcste des <a href=\"https:\/\/www.google.com\/maps\/place\/Beach+Kanali%C4%87\/@44.8899044,13.8060793,741m\/data=!3m1!1e3!4m6!3m5!1s0x477cd23f05988e77:0x94123d9e24b3f5ca!8m2!3d44.8904937!4d13.806806!16s%2Fg%2F11f3d03t12?entry=ttu&amp;g_ep=EgoyMDI1MTEwNC4xIKXMDSoASAFQAw%3D%3D\" target=\"_blank\" rel=\"noopener\">Strandes Kanali\u0107<\/a>, und wir verbrachten den Nachmittag mit Schwimmen, Lesen und kleineren Wartungsarbeiten an Bord. Am Abend genossen wir die friedliche Atmosph\u00e4re. Die Fischerboote kehrten zur\u00fcck, die Sonne verschwand hinter der K\u00fcste, und es wurde still. Kein Schwell, keine Motorenger\u00e4usche, nur das leichte Klirren der Leinen im Wind.<\/p>\n<p data-start=\"1151\" data-end=\"1355\">Es war vielleicht nicht die sch\u00f6nste Bucht des T\u00f6rns, aber eine der ruhigsten. F\u00fcr die Nacht blieben wir dort allein und schliefen tief und ungest\u00f6rt, ein idealer Zwischenstopp auf dem Weg nach Norden.<\/p>\n<p data-start=\"1151\" data-end=\"1355\"><img decoding=\"async\" class=\"alignnone size-full wp-image-13761\" src=\"https:\/\/www.1a-yachtcharter.de\/blog\/wp-content\/uploads\/2025\/11\/12_Fahrt_richtung_norden-scaled.jpeg\" alt=\"\" width=\"1920\" height=\"2560\" srcset=\"https:\/\/www.1a-yachtcharter.de\/blog\/wp-content\/uploads\/2025\/11\/12_Fahrt_richtung_norden-scaled.jpeg 1920w, https:\/\/www.1a-yachtcharter.de\/blog\/wp-content\/uploads\/2025\/11\/12_Fahrt_richtung_norden-225x300.jpeg 225w, https:\/\/www.1a-yachtcharter.de\/blog\/wp-content\/uploads\/2025\/11\/12_Fahrt_richtung_norden-768x1024.jpeg 768w, https:\/\/www.1a-yachtcharter.de\/blog\/wp-content\/uploads\/2025\/11\/12_Fahrt_richtung_norden-1152x1536.jpeg 1152w, https:\/\/www.1a-yachtcharter.de\/blog\/wp-content\/uploads\/2025\/11\/12_Fahrt_richtung_norden-1536x2048.jpeg 1536w, https:\/\/www.1a-yachtcharter.de\/blog\/wp-content\/uploads\/2025\/11\/12_Fahrt_richtung_norden-300x400.jpeg 300w, https:\/\/www.1a-yachtcharter.de\/blog\/wp-content\/uploads\/2025\/11\/12_Fahrt_richtung_norden-262x350.jpeg 262w\" sizes=\"(max-width: 1920px) 100vw, 1920px\" \/><\/p>\n<h4 data-start=\"0\" data-end=\"54\">16. September \u2013 Weiterfahrt in den <a href=\"https:\/\/www.google.com\/maps\/place\/Limski-Kanal\/@45.1306869,13.5749813,40856m\/data=!3m1!1e3!4m6!3m5!1s0x477cbe458307b9a9:0xe426ae6b4f4e5e0b!8m2!3d45.13313!4d13.635418!16zL20vMDJ4MmRn?entry=ttu&amp;g_ep=EgoyMDI1MTExMi4wIKXMDSoASAFQAw%3D%3D\" target=\"_blank\" rel=\"noopener\">Limski-Fjord<\/a><\/h4>\n<p data-start=\"56\" data-end=\"343\">Am n\u00e4chsten Morgen lichteten wir den Anker und setzten den Kurs Richtung Norden. Der Wind blieb moderat, gleichbleibend zum Vortag mit drei bis vier Beaufort, und erlaubte uns, fast den gesamten Weg unter Segeln zur\u00fcckzulegen. Ziel war der <a href=\"https:\/\/www.google.com\/maps\/place\/Limski-Kanal\/@45.1306869,13.5749813,40856m\/data=!3m1!1e3!4m6!3m5!1s0x477cbe458307b9a9:0xe426ae6b4f4e5e0b!8m2!3d45.13313!4d13.635418!16zL20vMDJ4MmRn?entry=ttu&amp;g_ep=EgoyMDI1MTExMi4wIKXMDSoASAFQAw%3D%3D\" target=\"_blank\" rel=\"noopener\">Limski-Fjord<\/a>, einer der bekanntesten Kan\u00e4le an der Westk\u00fcste Istriens.<\/p>\n<p data-start=\"345\" data-end=\"770\">Gegen Mittag erreichten wir die schmale Einfahrt des Fjords und bargen die Segel. Die n\u00e4chsten f\u00fcnf Seemeilen fuhren wir unter Motor durch das beeindruckende Tal, das sich mit seinen steilen gr\u00fcnen H\u00e4ngen immer weiter verengt. Links und rechts passierten wir Muschelfarmen, an denen Fischer mit kleinen Booten arbeiteten. Die Landschaft wirkte ruhig und abgeschieden, ein sch\u00f6ner Kontrast zu den offenen K\u00fcstenstrecken der letzten Tage.<\/p>\n<p data-start=\"772\" data-end=\"1023\">Ganz am Ende des Fjords fanden wir den <a href=\"https:\/\/www.google.com\/maps\/place\/Lim+Fjord+Parkplatz\/@45.1311716,13.73479,759m\/data=!3m1!1e3!4m14!1m7!3m6!1s0x477cbe458307b9a9:0xe426ae6b4f4e5e0b!2sLimski-Kanal!8m2!3d45.13313!4d13.635418!16zL20vMDJ4MmRn!3m5!1s0x477cb96c96667d75:0x8933a9578c6fab40!8m2!3d45.1315562!4d13.7336141!16s%2Fg%2F11fxx4gc3s?entry=ttu&amp;g_ep=EgoyMDI1MTExMi4wIKXMDSoASAFQAw%3D%3D\" target=\"_blank\" rel=\"noopener\">kleinen Anleger<\/a>, an dem nur wenige Boote Platz finden. Wir hatten Gl\u00fcck und bekamen einen der letzten Liegepl\u00e4tze. Strom und Wasser waren vorhanden, Sanit\u00e4ranlagen allerdings nicht. Daf\u00fcr war die Lage einmalig. Eine vorherige Reservierung ist aus unserer Sicht immer notwendig.<\/p>\n<p data-start=\"1025\" data-end=\"1275\">Am Abend kehrten wir im <a href=\"https:\/\/www.google.com\/maps\/place\/Restaurant+Viking\/@45.1305502,13.7340186,1277m\/data=!3m1!1e3!4m14!1m7!3m6!1s0x477cbe458307b9a9:0xe426ae6b4f4e5e0b!2sLimski-Kanal!8m2!3d45.13313!4d13.635418!16zL20vMDJ4MmRn!3m5!1s0x477cb96cfac14cad:0x5b696e3227ec961f!8m2!3d45.1319027!4d13.7351437!16s%2Fg%2F11bw51vb3k?entry=ttu&amp;g_ep=EgoyMDI1MTExMi4wIKXMDSoASAFQAw%3D%3D\" target=\"_blank\" rel=\"noopener\">Restaurant \u201e<em>Viking<\/em>\u201c<\/a> ein, das oberhalb des Kais liegt und frische Muscheln und Fisch aus dem Fjord anbietet. Die K\u00fcche war hervorragend, der Wein stammte aus der Region, und der Blick \u00fcber das Wasser machte den Abend perfekt. Wir w\u00fcrden das <em>Viking<\/em> dem <a href=\"https:\/\/www.google.com\/maps\/place\/Restoran+Fjord\/@45.1315077,13.73435,380m\/data=!3m1!1e3!4m14!1m7!3m6!1s0x477cbe458307b9a9:0xe426ae6b4f4e5e0b!2sLimski-Kanal!8m2!3d45.13313!4d13.635418!16zL20vMDJ4MmRn!3m5!1s0x477cbbb9af40960d:0x65a95c38c2cc568b!8m2!3d45.1317457!4d13.734008!16s%2Fg%2F11bw46mq5w?entry=ttu&amp;g_ep=EgoyMDI1MTExMi4wIKXMDSoASAFQAw%3D%3D\" target=\"_blank\" rel=\"noopener\"><em>Restaurant Fjord<\/em><\/a> vorziehen, da ich es f\u00fcr qualitativ hochwertiger halte.&nbsp;<\/p>\n<p data-start=\"1025\" data-end=\"1275\"><img decoding=\"async\" class=\"alignnone size-full wp-image-13762\" src=\"https:\/\/www.1a-yachtcharter.de\/blog\/wp-content\/uploads\/2025\/11\/13_Marina_Limsky_Fijord-scaled.jpeg\" alt=\"\" width=\"1920\" height=\"2560\" srcset=\"https:\/\/www.1a-yachtcharter.de\/blog\/wp-content\/uploads\/2025\/11\/13_Marina_Limsky_Fijord-scaled.jpeg 1920w, https:\/\/www.1a-yachtcharter.de\/blog\/wp-content\/uploads\/2025\/11\/13_Marina_Limsky_Fijord-225x300.jpeg 225w, https:\/\/www.1a-yachtcharter.de\/blog\/wp-content\/uploads\/2025\/11\/13_Marina_Limsky_Fijord-768x1024.jpeg 768w, https:\/\/www.1a-yachtcharter.de\/blog\/wp-content\/uploads\/2025\/11\/13_Marina_Limsky_Fijord-1152x1536.jpeg 1152w, https:\/\/www.1a-yachtcharter.de\/blog\/wp-content\/uploads\/2025\/11\/13_Marina_Limsky_Fijord-1536x2048.jpeg 1536w, https:\/\/www.1a-yachtcharter.de\/blog\/wp-content\/uploads\/2025\/11\/13_Marina_Limsky_Fijord-300x400.jpeg 300w, https:\/\/www.1a-yachtcharter.de\/blog\/wp-content\/uploads\/2025\/11\/13_Marina_Limsky_Fijord-263x350.jpeg 263w\" sizes=\"(max-width: 1920px) 100vw, 1920px\" \/><\/p>\n<h4 data-start=\"0\" data-end=\"71\">17. September \u2013 Spaziergang zur <a href=\"https:\/\/www.google.com\/maps\/place\/St.+Romuald%E2%80%98s+cave\/@45.1296472,13.7344114,1074m\/data=!3m1!1e3!4m14!1m7!3m6!1s0x477cbe458307b9a9:0xe426ae6b4f4e5e0b!2sLimski-Kanal!8m2!3d45.13313!4d13.635418!16zL20vMDJ4MmRn!3m5!1s0x477cb9000d09a5bd:0x222541202cca56ac!8m2!3d45.1275323!4d13.7375993!16s%2Fg%2F11xf_40qtj?entry=ttu&amp;g_ep=EgoyMDI1MTExMi4wIKXMDSoASAFQAw%3D%3D\" target=\"_blank\" rel=\"noopener\">St. Romuald\u2018s H\u00f6hle<\/a> und Weiterfahrt nach <a href=\"https:\/\/www.google.com\/maps\/place\/Pore%C4%8D,+Kroatien\/@45.2371612,13.5721653,17648m\/data=!3m1!1e3!4m6!3m5!1s0x477c979c94879029:0x7a9e5b587feaabd!8m2!3d45.2268187!4d13.5944023!16zL20vMDI4ZDVr?entry=ttu&amp;g_ep=EgoyMDI1MTExMi4wIKXMDSoASAFQAw%3D%3D\" target=\"_blank\" rel=\"noopener\">Pore\u010d<\/a><\/h4>\n<p data-start=\"73\" data-end=\"537\">Der Morgen im Limski-Fjord begann ruhig. Nach dem Fr\u00fchst\u00fcck machten wir uns zu Fu\u00df auf den Weg zur <a href=\"https:\/\/www.google.com\/maps\/place\/St.+Romuald%E2%80%98s+cave\/@45.1296472,13.7344114,1074m\/data=!3m1!1e3!4m14!1m7!3m6!1s0x477cbe458307b9a9:0xe426ae6b4f4e5e0b!2sLimski-Kanal!8m2!3d45.13313!4d13.635418!16zL20vMDJ4MmRn!3m5!1s0x477cb9000d09a5bd:0x222541202cca56ac!8m2!3d45.1275323!4d13.7375993!16s%2Fg%2F11xf_40qtj?entry=ttu&amp;g_ep=EgoyMDI1MTExMi4wIKXMDSoASAFQAw%3D%3D\" target=\"_blank\" rel=\"noopener\">St. Romuald\u2018s H\u00f6hle<\/a>. Der kleine Pfad f\u00fchrte durch lichtes Gr\u00fcn, immer mit Blick auf das Wasser. Die H\u00f6hle selbst war zwar geschlossen, da sie als Lebensraum f\u00fcr Flederm\u00e4use gesch\u00fctzt ist, aber der Weg dorthin lohnte sich trotzdem. Von oben bot sich ein weiter Blick \u00fcber den Fjord, und die Stille der Landschaft machte den kurzen Ausflug besonders angenehm.<\/p>\n<p data-start=\"639\" data-end=\"966\">Auf dem Weg zum Boot kehrten wir bei <a href=\"https:\/\/www.google.com\/maps\/place\/Tonys+oyster+shack\/@45.1325559,13.7301105,1704m\/data=!3m1!1e3!4m6!3m5!1s0x477cb96d4644fb2b:0xc8bc7f815d6ae7f5!8m2!3d45.1305337!4d13.7369467!16s%2Fg%2F11b77bxskz?entry=ttu&amp;g_ep=EgoyMDI1MTExMi4wIKXMDSoASAFQAw%3D%3D\" target=\"_blank\" rel=\"noopener\"><em data-start=\"723\" data-end=\"744\">Tony\u2019s Oyster Shack<\/em><\/a> ein. Der Platz wirkt eher unscheinbar und wird von den Muschelfarmern des Fjords betrieben. Dennoch meine absolute Empfehlung, denn frischer bekommt man es nicht. Wir setzten uns, bestellten frische Muscheln und Austern und lie\u00dfen uns erkl\u00e4ren, wie die Farmen arbeiten. Die Atmosph\u00e4re war sehr authentisch, fast famili\u00e4r. Keine gro\u00dfen Touristenmengen, sondern ein ruhiger, echter Einblick in das Leben im Fjord. Zum Mitnehmen kauften wir anschlie\u00dfend noch zwei Kilo Miesmuscheln.<\/p>\n<p data-start=\"1319\" data-end=\"1583\">Im Anschluss an die kulinarische Pause legten wir ab und fuhren die f\u00fcnf Seemeilen hinaus. Am Ende des Fjords setzten wir die Segel und nahmen Kurs gen Norden nach <a href=\"https:\/\/www.google.com\/maps\/place\/Pore%C4%8D,+Kroatien\/@45.2371612,13.5721653,17648m\/data=!3m1!1e3!4m6!3m5!1s0x477c979c94879029:0x7a9e5b587feaabd!8m2!3d45.2268187!4d13.5944023!16zL20vMDI4ZDVr?entry=ttu&amp;g_ep=EgoyMDI1MTExMi4wIKXMDSoASAFQAw%3D%3D\" target=\"_blank\" rel=\"noopener\">Pore\u010d<\/a>. Der Wind reichte aus, um gem\u00fctlich zu kreuzen und unterwegs noch ein wenig Man\u00f6ver zu \u00fcben.<\/p>\n<p data-start=\"1585\" data-end=\"2008\">Am sp\u00e4ten Nachmittag machten wir an einer der <a href=\"https:\/\/maps.app.goo.gl\/oC18exVJoPuvf21H9\" target=\"_blank\" rel=\"noopener\">Bojen vor Pore\u010d<\/a> fest. Das Feld war fast leer, und die Hafencrew kam z\u00fcgig vorbei, um abzurechnen. F\u00fcr die Boje zahlten wir knapp 60 \u20ac. Da wir keinen Au\u00dfenborder an Bord hatten, lie\u00dfen wir uns von einem der Wassertaxis abholen, die regelm\u00e4\u00dfig zwischen den Yachten und der Altstadt pendeln. Pro Strecke zahlt man ca. 20 \u20ac. Nicht ganz preiswert, allerdings hatten wir uns das Geld f\u00fcr den Au\u00dfenborder gespart, wodurch das Budget daf\u00fcr vorhanden war.<\/p>\n<p data-start=\"1425\" data-end=\"1836\">In Pore\u010d spazierten wir zun\u00e4chst entlang der Stadtmauer einmal um die Stadt. Anschlie\u00dfend gingen wir zur <a href=\"https:\/\/www.google.com\/maps\/place\/Euphrasius-Basilika\/@45.2285929,13.5919586,780m\/data=!3m1!1e3!4m12!1m5!3m4!2zNDXCsDEzJzIzLjciTiAxM8KwMzUnMzEuMiJF!8m2!3d45.223248!4d13.592005!3m5!1s0x477c977680ed44bb:0xa0fb31b7abad2aaf!8m2!3d45.2285648!4d13.5933374!16zL20vMDYzamt5?entry=ttu&amp;g_ep=EgoyMDI1MTExMi4wIKXMDSoASAFQAw%3D%3D\" target=\"_blank\" rel=\"noopener\">Euphrasius-Basilika<\/a>, wo gerade ein Gottesdienst stattfand. Der Eintritt war daher frei, und wir konnten das Innere in Ruhe auf uns wirken lassen, ohne zu st\u00f6ren.<\/p>\n<p data-start=\"1838\" data-end=\"2047\">Sp\u00e4ter gingen wir im <a href=\"https:\/\/www.google.com\/maps\/place\/Gourmet+Restaurant+%26+Pizzeria\/@45.2282731,13.5922776,138m\/data=!3m1!1e3!4m12!1m5!3m4!2zNDXCsDEzJzIzLjciTiAxM8KwMzUnMzEuMiJF!8m2!3d45.223248!4d13.592005!3m5!1s0x477c9709bc5db5d1:0x294dc126f65a6925!8m2!3d45.2284203!4d13.5921839!16s%2Fg%2F11v9yyq_y1?entry=ttu&amp;g_ep=EgoyMDI1MTExMi4wIKXMDSoASAFQAw%3D%3D\" target=\"_blank\" rel=\"noopener\"><em>Gourmet Restaurant<\/em><\/a> in der Altstadt essen. Der Besuch hat sich gelohnt, war insgesamt der teuerste w\u00e4hrend unserer Woche. Dies war uns auch vorher bewusst. Nach dem Essen brachte uns das Wassertaxi wieder zur\u00fcck zur Boje, wo unsere Yacht auf uns wartete. Die Nacht war ruhig, nur die entfernten Lichter der Stadt spiegelten sich auf dem Wasser.<\/p>\n<p data-start=\"1838\" data-end=\"2047\"><strong>Tipp: <\/strong>Au\u00dferhalb der Hauptsaison fahren die Taxiboote nur bis 21:00 Uhr. Es empfiehlt sich immer, nach der sp\u00e4testens Abholzeit zu fragen.<\/p>\n<p data-start=\"1838\" data-end=\"2047\"><img decoding=\"async\" class=\"alignnone size-full wp-image-13767\" src=\"https:\/\/www.1a-yachtcharter.de\/blog\/wp-content\/uploads\/2025\/11\/18_frische_Muscheln_03-scaled.jpeg\" alt=\"\" width=\"1920\" height=\"2560\" srcset=\"https:\/\/www.1a-yachtcharter.de\/blog\/wp-content\/uploads\/2025\/11\/18_frische_Muscheln_03-scaled.jpeg 1920w, https:\/\/www.1a-yachtcharter.de\/blog\/wp-content\/uploads\/2025\/11\/18_frische_Muscheln_03-225x300.jpeg 225w, https:\/\/www.1a-yachtcharter.de\/blog\/wp-content\/uploads\/2025\/11\/18_frische_Muscheln_03-768x1024.jpeg 768w, https:\/\/www.1a-yachtcharter.de\/blog\/wp-content\/uploads\/2025\/11\/18_frische_Muscheln_03-1152x1536.jpeg 1152w, https:\/\/www.1a-yachtcharter.de\/blog\/wp-content\/uploads\/2025\/11\/18_frische_Muscheln_03-1536x2048.jpeg 1536w, https:\/\/www.1a-yachtcharter.de\/blog\/wp-content\/uploads\/2025\/11\/18_frische_Muscheln_03-300x400.jpeg 300w, https:\/\/www.1a-yachtcharter.de\/blog\/wp-content\/uploads\/2025\/11\/18_frische_Muscheln_03-263x350.jpeg 263w\" sizes=\"(max-width: 1920px) 100vw, 1920px\" \/><\/p>\n<h4 data-start=\"0\" data-end=\"80\"><img decoding=\"async\" class=\"alignnone size-full wp-image-13771\" src=\"https:\/\/www.1a-yachtcharter.de\/blog\/wp-content\/uploads\/2025\/11\/22_Basilika_Porec-scaled.jpeg\" alt=\"\" width=\"1920\" height=\"2560\" srcset=\"https:\/\/www.1a-yachtcharter.de\/blog\/wp-content\/uploads\/2025\/11\/22_Basilika_Porec-scaled.jpeg 1920w, https:\/\/www.1a-yachtcharter.de\/blog\/wp-content\/uploads\/2025\/11\/22_Basilika_Porec-225x300.jpeg 225w, https:\/\/www.1a-yachtcharter.de\/blog\/wp-content\/uploads\/2025\/11\/22_Basilika_Porec-768x1024.jpeg 768w, https:\/\/www.1a-yachtcharter.de\/blog\/wp-content\/uploads\/2025\/11\/22_Basilika_Porec-1152x1536.jpeg 1152w, https:\/\/www.1a-yachtcharter.de\/blog\/wp-content\/uploads\/2025\/11\/22_Basilika_Porec-1536x2048.jpeg 1536w, https:\/\/www.1a-yachtcharter.de\/blog\/wp-content\/uploads\/2025\/11\/22_Basilika_Porec-300x400.jpeg 300w, https:\/\/www.1a-yachtcharter.de\/blog\/wp-content\/uploads\/2025\/11\/22_Basilika_Porec-263x350.jpeg 263w\" sizes=\"(max-width: 1920px) 100vw, 1920px\" \/><\/h4>\n<h4 data-start=\"0\" data-end=\"80\">18. September \u2013 R\u00fcckweg Richtung S\u00fcden und ein Tag auf spiegelglatter See<\/h4>\n<p data-start=\"82\" data-end=\"339\">Nach einer ruhigen Nacht vor Pore\u010d fr\u00fchst\u00fcckten wir an Bord und machten uns gegen Vormittag auf den Weg Richtung S\u00fcden. Unser Ziel war erneut die Bucht am Cap Kamenjak, doch dieses Mal erlebten wir Bedingungen, wie ich sie in Kroatien selten gesehen habe.<\/p>\n<p data-start=\"341\" data-end=\"628\">Schon kurz nach dem Ablegen merkten wir, dass der Wind nahezu vollst\u00e4ndig eingeschlafen war. Die See lag glatt vor uns, als h\u00e4tte jemand eine d\u00fcnne \u00d6lschicht dar\u00fcbergegossen. Wir liefen entspannt unter Motor und bestaunten die See. Dieser Tag hatte seinen ganz eigenen Zauber.<\/p>\n<p data-start=\"630\" data-end=\"969\">Etwa auf H\u00f6he von <a href=\"https:\/\/www.google.com\/maps\/place\/Funtana,+Kroatien\/@45.1913682,13.5846664,35325m\/data=!3m1!1e3!4m6!3m5!1s0x477c9617044e568d:0x7a67accd4687bfd7!8m2!3d45.1751849!4d13.6067185!16zL20vMGM5M2Rq?entry=ttu&amp;g_ep=EgoyMDI1MTExMi4wIKXMDSoASAFQAw%3D%3D\" target=\"_blank\" rel=\"noopener\">Funtana<\/a> hielten wir an, stellten den Motor ab und lie\u00dfen das Boot einfach stehen. Keine Welle, kein Windsto\u00df, nur v\u00f6llige Ruhe. Anstatt weiterzufahren, nutzten wir die Gelegenheit f\u00fcr eine lange Mittags- und Badepause mitten auf der freien See. Die Sonne stand warm \u00fcber uns, und das Wasser schimmerte fast unbeweglich.<\/p>\n<p data-start=\"971\" data-end=\"1324\">Da der Wind den gesamten Tag \u00fcber ausblieb, blieb uns nichts anderes \u00fcbrig, als unter Motor weiterzufahren. Kurz vor dem Cap Kamenjak nutzten wir die spiegelglatte See noch f\u00fcr ein paar einfache Man\u00f6ver\u00fcbungen, darunter ein Mensch-\u00fcber-Bord-Man\u00f6ver unter Motor. Die Bedingungen waren ideal, um alles Schritt f\u00fcr Schritt zu erkl\u00e4ren und auszuprobieren.<\/p>\n<p data-start=\"1326\" data-end=\"1640\">Am sp\u00e4ten Nachmittag erreichten wir wieder <a href=\"https:\/\/www.google.com\/maps\/place\/Portic+Bay+Anchorage\/@44.7879001,13.9181423,9699m\/data=!3m1!1e3!4m6!3m5!1s0x47632b0047cf90cd:0x9bf942bc2403da80!8m2!3d44.7770637!4d13.9173223!16s%2Fg%2F11w8pk3bky?entry=ttu&amp;g_ep=EgoyMDI1MTEwNC4xIKXMDSoASAFQAw%3D%3D\" target=\"_blank\" rel=\"noopener\">Uvala Porti\u0107<\/a> n\u00f6rdlich des Kaps. Die H\u00e4ngematte kam zum Einsatz, und wir bereiteten die Muscheln zu, die wir am Vortag im Limski-Fjord gekauft hatten. Das Abendlicht spiegelte sich im ruhigen Wasser, und trotz der Motorfahrt war es einer der sch\u00f6nsten Tage der Woche.<\/p>\n<p data-start=\"1642\" data-end=\"1754\">Die Nacht war erneut ruhig und gut gesch\u00fctzt, ein entspannter Abschluss f\u00fcr einen ungew\u00f6hnlich stillen Segeltag.<\/p>\n<p data-start=\"1642\" data-end=\"1754\"><img decoding=\"async\" class=\"alignnone size-full wp-image-13773\" src=\"https:\/\/www.1a-yachtcharter.de\/blog\/wp-content\/uploads\/2025\/11\/24_Boje_Porec_morgenstimmung-scaled.jpeg\" alt=\"\" width=\"1920\" height=\"2560\" srcset=\"https:\/\/www.1a-yachtcharter.de\/blog\/wp-content\/uploads\/2025\/11\/24_Boje_Porec_morgenstimmung-scaled.jpeg 1920w, https:\/\/www.1a-yachtcharter.de\/blog\/wp-content\/uploads\/2025\/11\/24_Boje_Porec_morgenstimmung-225x300.jpeg 225w, https:\/\/www.1a-yachtcharter.de\/blog\/wp-content\/uploads\/2025\/11\/24_Boje_Porec_morgenstimmung-768x1024.jpeg 768w, https:\/\/www.1a-yachtcharter.de\/blog\/wp-content\/uploads\/2025\/11\/24_Boje_Porec_morgenstimmung-1152x1536.jpeg 1152w, https:\/\/www.1a-yachtcharter.de\/blog\/wp-content\/uploads\/2025\/11\/24_Boje_Porec_morgenstimmung-1536x2048.jpeg 1536w, https:\/\/www.1a-yachtcharter.de\/blog\/wp-content\/uploads\/2025\/11\/24_Boje_Porec_morgenstimmung-300x400.jpeg 300w, https:\/\/www.1a-yachtcharter.de\/blog\/wp-content\/uploads\/2025\/11\/24_Boje_Porec_morgenstimmung-262x350.jpeg 262w\" sizes=\"(max-width: 1920px) 100vw, 1920px\" \/><\/p>\n<h4 data-start=\"0\" data-end=\"74\">19. September \u2013 Kr\u00e4ftiger Wind zum Abschluss und R\u00fcckkehr nach Pula<\/h4>\n<p data-start=\"76\" data-end=\"364\">Am Morgen wehte bereits eine frische Brise durch die Bucht. Das Wasser war unruhiger als an den Vortagen, und schon beim Fr\u00fchst\u00fcck wurde klar, dass dieser Tag seglerisch etwas lebhafter werden w\u00fcrde. Genau das wollten wir nutzen, bevor wir am Nachmittag zur Marina zur\u00fcckkehren mussten.<\/p>\n<p data-start=\"366\" data-end=\"724\">Nach dem Ablegen setzten wir die Segel und lie\u00dfen das Cap Kamenjak achteraus. Der Wind nahm weiter zu und erreichte f\u00fcnf Beaufort, in B\u00f6en sechs. F\u00fcr uns war das die perfekte Gelegenheit, noch einmal ausgiebig zu kreuzen. Die Elan 40.1 lief sauber an der Windkante und erreichte Geschwindigkeiten um sieben bis acht Knoten.<\/p>\n<p data-start=\"726\" data-end=\"1067\">Wir segelten einen gro\u00dfen Bogen um den s\u00fcdlich vorgelagerten <a href=\"https:\/\/www.google.com\/maps\/place\/Maj%C3%A1k\/@44.7648729,13.8893937,3840m\/data=!3m1!1e3!4m14!1m7!3m6!1s0x47632b0047cf90cd:0x9bf942bc2403da80!2sPortic+Bay+Anchorage!8m2!3d44.7770637!4d13.9173223!16s%2Fg%2F11w8pk3bky!3m5!1s0x47632b1f7cff2ec9:0x33cc2ca776d7784d!8m2!3d44.7580234!4d13.8908669!16s%2Fg%2F11fkcy9k76?entry=ttu&amp;g_ep=EgoyMDI1MTExMi4wIKXMDSoASAFQAw%3D%3D\" target=\"_blank\" rel=\"noopener\">Leuchtturm<\/a> und arbeiteten uns dann in langen Schl\u00e4gen an der K\u00fcste entlang. F\u00fcr meine Begleitung war es der intensivste und zugleich beeindruckendste Segeltag der Woche. Die B\u00f6en, das aufrichtende Boot und die klare Herbstluft machten diesen Vormittag zu einem echten Highlight.<\/p>\n<p data-start=\"1069\" data-end=\"1516\">Erst am fr\u00fchen Nachmittag nahmen wir Kurs auf Pula und steuerten die Tankstelle an. Wie so oft herrschte reger Betrieb. Mehrere Yachten warteten gleichzeitig, und wir reihten uns ein. Eine Stunde Wartezeit war n\u00f6tig, doch dank des frischen Windes konnten wir gut auf Position bleiben. Nach dem Tanken liefen wir noch einmal ein kurzes St\u00fcck aus der Marina heraus, um zu essen und die letzten Minuten auf dem Wasser auszukosten.<\/p>\n<p data-start=\"1518\" data-end=\"1922\">Gegen 16:30 Uhr machten wir endg\u00fcltig in der Marina Veruda fest. Die R\u00fcckgabe verlief ruhig und ohne Besonderheiten. Da die Crew des Vercharterers bereits vor Ort war, konnten wir den gesamten Checkout direkt am Nachmittag erledigen. Den Abend verbrachten wir noch an Bord, kochten ein einfaches Essen und lie\u00dfen die Woche entspannt ausklingen, bevor wir uns am n\u00e4chsten Morgen auf den Heimweg machten.<\/p>\n<p data-start=\"1518\" data-end=\"1922\"><img decoding=\"async\" class=\"alignnone size-full wp-image-13776\" src=\"https:\/\/www.1a-yachtcharter.de\/blog\/wp-content\/uploads\/2025\/11\/27_volle_fahrt-scaled.jpeg\" alt=\"\" width=\"1920\" height=\"2560\" srcset=\"https:\/\/www.1a-yachtcharter.de\/blog\/wp-content\/uploads\/2025\/11\/27_volle_fahrt-scaled.jpeg 1920w, https:\/\/www.1a-yachtcharter.de\/blog\/wp-content\/uploads\/2025\/11\/27_volle_fahrt-225x300.jpeg 225w, https:\/\/www.1a-yachtcharter.de\/blog\/wp-content\/uploads\/2025\/11\/27_volle_fahrt-768x1024.jpeg 768w, https:\/\/www.1a-yachtcharter.de\/blog\/wp-content\/uploads\/2025\/11\/27_volle_fahrt-1152x1536.jpeg 1152w, https:\/\/www.1a-yachtcharter.de\/blog\/wp-content\/uploads\/2025\/11\/27_volle_fahrt-1536x2048.jpeg 1536w, https:\/\/www.1a-yachtcharter.de\/blog\/wp-content\/uploads\/2025\/11\/27_volle_fahrt-300x400.jpeg 300w, https:\/\/www.1a-yachtcharter.de\/blog\/wp-content\/uploads\/2025\/11\/27_volle_fahrt-262x350.jpeg 262w\" sizes=\"(max-width: 1920px) 100vw, 1920px\" \/><\/p>\n<h4 data-start=\"216\" data-end=\"246\">20. September \u2013 Abreise<\/h4>\n<p data-start=\"248\" data-end=\"536\">Am Morgen packten wir ohne Eile unsere Sachen zusammen. Bei einem letzten Kaffee im Cockpit lie\u00dfen wir die Eindr\u00fccke der Woche kurz auf uns wirken, bevor wir das Boot endg\u00fcltig verlie\u00dfen.<\/p>\n<p data-start=\"538\" data-end=\"823\">Gegen 09:00 Uhr fuhren wir los. Die R\u00fcckfahrt verlief weitgehend problemlos. Nur ein kurzer Stau nach einem Unfall kostete etwas Zeit, ansonsten kamen wir gut voran und erreichten am Abend wieder Dresden.<\/p>\n<h4 data-start=\"939\" data-end=\"951\">Fazit<\/h4>\n<p data-start=\"953\" data-end=\"1319\">Dieser T\u00f6rn war in vielerlei Hinsicht etwas Besonderes. Eine Woche zu zweit auf einer Elan 40.1 bot viel Raum f\u00fcr pers\u00f6nliche Momente, ruhige Segelstunden und das gemeinsame Entdecken des Reviers. Nordkroatien zeigte sich im September als ideales Segelgebiet mit verl\u00e4sslichen Bedingungen, gut gesch\u00fctzten Buchten und einer angenehmen Ruhe abseits der Hauptsaison.<\/p>\n<p data-start=\"1321\" data-end=\"1674\">Da jeder Tag ein eigenes Highlight war, ergab sich eine optimale Mischung f\u00fcr eine perfekte Woche. Die Region bot genau das richtige Ma\u00df an Komfort, Natur und kleinen \u00dcberraschungen.<\/p>\n<p data-start=\"1676\" data-end=\"1770\">F\u00fcr mich bleibt dieser T\u00f6rn als eine besonders runde und harmonische Segelreise in Erinnerung.<\/p>\nngg_shortcode_0_placeholder\n<div class=\"remoji_bar\"><div class=\"remoji_add_container\" data-remoji-id=\"13740\" data-remoji-type=\"post\"><div class=\"remoji_add_icon\"><\/div><\/div><div class=\"remoji_error_bar\" data-remoji-id=\"13740\" data-remoji-type=\"post\" style=\"display: none;\">Error happened.<\/div><\/div>","protected":false},"excerpt":{"rendered":"<p>Wer: Nico Lange und Crewmitglied Crewgr\u00f6\u00dfe: 2 Personen Wann: 1 Woche vom 13.09. bis 20.09.25&nbsp; &nbsp; Route: Pula \u2013 Uvala Porti\u0107 \u2013 Fort Punta (Pula) \u2013 Limski-Fjord \u2013 Pore\u010d \u2013 Uvala Porti\u0107 \u2013 Pula Level: Buchtenhopping (leicht bis mittel) Segelstil: Entspannung&nbsp; Wetter: \u00dcberwiegend sonnig mit keinen bis mittelstarken Winden Vorwort Nach vielen Segelreisen mit gr\u00f6\u00dferen Crews wollte ich dieses Mal etwas anderes ausprobieren. Eine Woche zu zweit auf einer Elan 40.1 ab Pula. Das Revier in Istrien kenne ich lediglich von Landurlauben. Deshalb war es ein Muss, die Region auch vom Wasser aus zu erleben. Der September schien mir die<\/p>\n","protected":false},"author":12,"featured_media":13809,"comment_status":"open","ping_status":"open","sticky":false,"template":"","format":"standard","meta":{"_monsterinsights_skip_tracking":false,"_monsterinsights_sitenote_active":false,"_monsterinsights_sitenote_note":"","_monsterinsights_sitenote_category":0,"ngg_post_thumbnail":0,"footnotes":""},"categories":[1053],"tags":[],"class_list":["post-13740","post","type-post","status-publish","format-standard","has-post-thumbnail","hentry","category-reisen"],"aioseo_notices":[],"_links":{"self":[{"href":"https:\/\/www.1a-yachtcharter.de\/blog\/wp-json\/wp\/v2\/posts\/13740","targetHints":{"allow":["GET"]}}],"collection":[{"href":"https:\/\/www.1a-yachtcharter.de\/blog\/wp-json\/wp\/v2\/posts"}],"about":[{"href":"https:\/\/www.1a-yachtcharter.de\/blog\/wp-json\/wp\/v2\/types\/post"}],"author":[{"embeddable":true,"href":"https:\/\/www.1a-yachtcharter.de\/blog\/wp-json\/wp\/v2\/users\/12"}],"replies":[{"embeddable":true,"href":"https:\/\/www.1a-yachtcharter.de\/blog\/wp-json\/wp\/v2\/comments?post=13740"}],"version-history":[{"count":14,"href":"https:\/\/www.1a-yachtcharter.de\/blog\/wp-json\/wp\/v2\/posts\/13740\/revisions"}],"predecessor-version":[{"id":13808,"href":"https:\/\/www.1a-yachtcharter.de\/blog\/wp-json\/wp\/v2\/posts\/13740\/revisions\/13808"}],"wp:featuredmedia":[{"embeddable":true,"href":"https:\/\/www.1a-yachtcharter.de\/blog\/wp-json\/wp\/v2\/media\/13809"}],"wp:attachment":[{"href":"https:\/\/www.1a-yachtcharter.de\/blog\/wp-json\/wp\/v2\/media?parent=13740"}],"wp:term":[{"taxonomy":"category","embeddable":true,"href":"https:\/\/www.1a-yachtcharter.de\/blog\/wp-json\/wp\/v2\/categories?post=13740"},{"taxonomy":"post_tag","embeddable":true,"href":"https:\/\/www.1a-yachtcharter.de\/blog\/wp-json\/wp\/v2\/tags?post=13740"}],"curies":[{"name":"wp","href":"https:\/\/api.w.org\/{rel}","templated":true}]}}